{"id":1870,"date":"2024-01-25T11:42:19","date_gmt":"2024-01-25T14:42:19","guid":{"rendered":"https:\/\/noticiasregionais.com.br\/?p=1870"},"modified":"2024-01-25T11:42:22","modified_gmt":"2024-01-25T14:42:22","slug":"praticas-industriais-verdes-impulsionam-economia","status":"publish","type":"post","link":"https:\/\/noticiasregionais.com.br\/?p=1870","title":{"rendered":"Pr\u00e1ticas industriais verdes impulsionam economia"},"content":{"rendered":"\n<p class=\"has-text-align-center\"><strong>Brasil deve ser uma das economias que produzir\u00e1 energia verde de forma mais abundante e barata, segundo diretor de Desenvolvimento Industrial e Economia da CNI<\/strong><\/p>\n\n\n\n<p>Para a Confedera\u00e7\u00e3o Nacional da Ind\u00fastria (CNI), a incorpora\u00e7\u00e3o de pr\u00e1ticas industriais alinhadas aos princ\u00edpios da sustentabilidade incentiva o surgimento de solu\u00e7\u00f5es inovadoras e ecoeficientes, al\u00e9m de impulsionar a obten\u00e7\u00e3o de vantagens competitivas. Em conson\u00e2ncia \u00e0 agenda ambiental da CNI, a pol\u00edtica \u201cNova Ind\u00fastria Brasil\u201d, lan\u00e7ada pelo governo federal esta semana, pretende cumprir metas relacionadas a setores como bioeconomia, descarboniza\u00e7\u00e3o e transi\u00e7\u00e3o energ\u00e9tica.<\/p>\n\n\n\n<p>O diretor de Desenvolvimento Industrial e Economia da CNI, Rafael Lucchesi, aponta que essa \u00e9 uma oportunidade para que o Brasil avance na chamada economia verde.<br>\u201cTemos uma grande insola\u00e7\u00e3o, temos ventos cont\u00ednuos e regulares, temos um pacote tecnol\u00f3gico da energia de biomassa, temos um potencial fant\u00e1stico para o hidrog\u00eanio verde. Ent\u00e3o, isso tudo coloca o Brasil na agenda que os especialistas chamam de <em>powershoring<\/em> [relocaliza\u00e7\u00e3o de plantas produtivas para reduzir vulnerabilidades e aumentar a resist\u00eancia dos pa\u00edses a novas crises], como um elemento de forte competitividade para o pa\u00eds\u201d, explica.<\/p>\n\n\n\n<p>Lucchesi ressalta que o Brasil tem a matriz energ\u00e9tica mais limpa do planeta e a mais competitiva a longo prazo. Lembra ainda que a transforma\u00e7\u00e3o ecol\u00f3gica do processo produtivo deve reduzir a emiss\u00e3o de carbono.<\/p>\n\n\n\n<p>\u201cO Brasil, certamente, vai ser uma das economias que melhor vai produzir a energia verde, de forma abundante e mais barata\u201d, completa.<\/p>\n\n\n\n<p>Segundo o diretor da CNI, a constru\u00e7\u00e3o da din\u00e2mica desse processo depender\u00e1 de &#8220;maior converg\u00eancia das estrat\u00e9gias empresariais com pol\u00edticas p\u00fablicas modernas&#8221;.<\/p>\n\n\n\n<h2 class=\"wp-block-heading\">Ind\u00fastria Verde<\/h2>\n\n\n\n<p>Reconhecendo que a ind\u00fastria desempenha papel fundamental no desenvolvimento sustent\u00e1vel, a CNI apresenta contribui\u00e7\u00f5es do setor para a agenda ambiental por meio do projeto Ind\u00fastria Verde. A iniciativa \u00e9 uma das pioneiras no setor produtivo ao assumir a responsabilidade de promover a implementa\u00e7\u00e3o dos compromissos clim\u00e1ticos no pa\u00eds.<\/p>\n\n\n\n<p><a href=\"whatsapp:\/\/send?text= https:\/\/brasil61.com\/n\/industria-verde-praticas-industriais-alinhadas-a-sustentabilidade-impulsionam-economia-pivd240036\"><\/a><a href=\"http:\/\/www.facebook.com\/sharer.php?u=https:\/\/brasil61.com\/n\/industria-verde-praticas-industriais-alinhadas-a-sustentabilidade-impulsionam-economia-pivd240036&amp;t=\" target=\"_blank\" rel=\"noreferrer noopener\"> <\/a><a href=\"https:\/\/twitter.com\/share?url=https:\/\/brasil61.com\/n\/industria-verde-praticas-industriais-alinhadas-a-sustentabilidade-impulsionam-economia-pivd240036&amp;text=\" target=\"_blank\" rel=\"noreferrer noopener\"><\/a><a href=\"mailto:?Subject=Ind\u00fastria Verde: pr\u00e1ticas industriais alinhadas \u00e0 sustentabilidade impulsionam economia &amp;Body= https:\/\/brasil61.com\/n\/industria-verde-praticas-industriais-alinhadas-a-sustentabilidade-impulsionam-economia-pivd240036\"><\/a><\/p>\n\n\n\n<p>Fonte: <a href=\"https:\/\/brasil61.com\/n\/industria-verde-praticas-industriais-alinhadas-a-sustentabilidade-impulsionam-economia-pivd240036?email=fxmendes2012@gmail.com&amp;utm_source=email_individual&amp;utm_medium=email_individual&amp;utm_campaign=email_individual\" target=\"_blank\" rel=\"noreferrer noopener\">Brasil 61<\/a><\/p>\n<input type=\"hidden\" id=\"baseurl\" value=\"https:\/\/noticiasregionais.com.br\"><input type=\"hidden\" id=\"audio_nonce\" value=\"533fbb67b1\">","protected":false},"excerpt":{"rendered":"<p>Brasil deve ser uma das economias que produzir\u00e1 energia verde de forma mais abundante e barata, segundo diretor de Desenvolvimento&hellip;<\/p>\n","protected":false},"author":1,"featured_media":1871,"comment_status":"closed","ping_status":"open","sticky":false,"template":"","format":"standard","meta":{"sfsi_plus_gutenberg_text_before_share":"","sfsi_plus_gutenberg_show_text_before_share":"","sfsi_plus_gutenberg_icon_type":"","sfsi_plus_gutenberg_icon_alignemt":"","sfsi_plus_gutenburg_max_per_row":"","footnotes":""},"categories":[8,10,1],"tags":[],"class_list":["post-1870","post","type-post","status-publish","format-standard","has-post-thumbnail","hentry","category-brasil","category-destaques","category-noticias"],"_links":{"self":[{"href":"https:\/\/noticiasregionais.com.br\/index.php?rest_route=\/wp\/v2\/posts\/1870","targetHints":{"allow":["GET"]}}],"collection":[{"href":"https:\/\/noticiasregionais.com.br\/index.php?rest_route=\/wp\/v2\/posts"}],"about":[{"href":"https:\/\/noticiasregionais.com.br\/index.php?rest_route=\/wp\/v2\/types\/post"}],"author":[{"embeddable":true,"href":"https:\/\/noticiasregionais.com.br\/index.php?rest_route=\/wp\/v2\/users\/1"}],"replies":[{"embeddable":true,"href":"https:\/\/noticiasregionais.com.br\/index.php?rest_route=%2Fwp%2Fv2%2Fcomments&post=1870"}],"version-history":[{"count":1,"href":"https:\/\/noticiasregionais.com.br\/index.php?rest_route=\/wp\/v2\/posts\/1870\/revisions"}],"predecessor-version":[{"id":1872,"href":"https:\/\/noticiasregionais.com.br\/index.php?rest_route=\/wp\/v2\/posts\/1870\/revisions\/1872"}],"wp:featuredmedia":[{"embeddable":true,"href":"https:\/\/noticiasregionais.com.br\/index.php?rest_route=\/wp\/v2\/media\/1871"}],"wp:attachment":[{"href":"https:\/\/noticiasregionais.com.br\/index.php?rest_route=%2Fwp%2Fv2%2Fmedia&parent=1870"}],"wp:term":[{"taxonomy":"category","embeddable":true,"href":"https:\/\/noticiasregionais.com.br\/index.php?rest_route=%2Fwp%2Fv2%2Fcategories&post=1870"},{"taxonomy":"post_tag","embeddable":true,"href":"https:\/\/noticiasregionais.com.br\/index.php?rest_route=%2Fwp%2Fv2%2Ftags&post=1870"}],"curies":[{"name":"wp","href":"https:\/\/api.w.org\/{rel}","templated":true}]}}