{"id":1873,"date":"2024-01-25T19:10:27","date_gmt":"2024-01-25T22:10:27","guid":{"rendered":"https:\/\/noticiasregionais.com.br\/?p=1873"},"modified":"2024-01-25T19:10:39","modified_gmt":"2024-01-25T22:10:39","slug":"cart-realiza-manutencao-em-pavimento-da-raposo-tavares-em-assis","status":"publish","type":"post","link":"https:\/\/noticiasregionais.com.br\/?p=1873","title":{"rendered":"CART realiza manuten\u00e7\u00e3o em pavimento da Raposo Tavares, em Assis"},"content":{"rendered":"\n<p class=\"has-text-align-center\"><em><strong>Obras ocorrer\u00e3o no dia 26 de janeiro<\/strong><\/em><\/p>\n\n\n\n<p>A CART Concession\u00e1ria de Rodovias interditar\u00e1, no dia 26 de janeiro, as al\u00e7as de entrada e sa\u00edda do dispositivo do km 447+350 da SP 270&nbsp;\u200e\u2013 Rodovia Raposo Tavares\u200e, sentido Oeste, para servi\u00e7os de reparos no pavimento\u200e.<\/p>\n\n\n\n<p>Os usu\u00e1rios que estiverem na SP 270 sentido Presidente Prudente e desejarem retornar sentido Assis ou seguir sentido SP 333&nbsp;&#8211; Rodovia Miguel Jubran, precisar\u00e3o se deslocar at\u00e9 o pr\u00f3ximo dispositivo, localizado no km 448+700 e realizar a manobra. J\u00e1 os usu\u00e1rios que trafegam sentido Assis e desejarem retornar precisar\u00e3o se deslocar at\u00e9 o pr\u00f3ximo dispositivo, localizado no km 445+650 e realizar a manobra.<\/p>\n\n\n\n<p>A atua\u00e7\u00e3o da equipe de obras da CART ser\u00e1 das&nbsp;\u200e\u200e7h \u00e0s 17h.\u200e \u200eO local estar\u00e1 devidamente sinalizado e, em caso de chuva, o servi\u00e7o ser\u00e1 reagendado. Para que os motoristas possam seguir viagem com&nbsp;\u200eseguran\u00e7a, a CART orienta aos usu\u00e1rios reduzirem a velocidade, respeitar a&nbsp;\u200esinaliza\u00e7\u00e3o do local e jamais parar para observar a movimenta\u00e7\u00e3o de homens e&nbsp;\u200em\u00e1quinas.<\/p>\n\n\n\n<p>Alinhada \u00e0 ARTESP \u2013 Ag\u00eancia Reguladora de Transportes do&nbsp;\u200e\u200eEstado de S\u00e3o Paulo, ocorre a intensifica\u00e7\u00e3o de reparos na&nbsp;\u200erodovia&nbsp;\u200ecom o objetivo de conferir rotas mais seguras e&nbsp;\u200econfort\u00e1veis ao&nbsp;\u200eviajante com o apoio do policiamento rodovi\u00e1rio.&nbsp;\u200eA SP 270 \u00e9 a&nbsp;\u200esegunda melhor rodovia do pa\u00eds e a primeira do&nbsp;\u200eestado na&nbsp;\u200eclassifica\u00e7\u00e3o da pesquisa CNT Rodovias, que atesta a&nbsp;\u200equalidade do&nbsp;\u200epavimento e sinaliza\u00e7\u00e3o em rodovias por todo o&nbsp;\u200epa\u00eds.<\/p>\n<input type=\"hidden\" id=\"baseurl\" value=\"https:\/\/noticiasregionais.com.br\"><input type=\"hidden\" id=\"audio_nonce\" value=\"533fbb67b1\">","protected":false},"excerpt":{"rendered":"<p>Obras ocorrer\u00e3o no dia 26 de janeiro A CART Concession\u00e1ria de Rodovias interditar\u00e1, no dia 26 de janeiro, as al\u00e7as&hellip;<\/p>\n","protected":false},"author":1,"featured_media":1874,"comment_status":"closed","ping_status":"open","sticky":false,"template":"","format":"standard","meta":{"sfsi_plus_gutenberg_text_before_share":"","sfsi_plus_gutenberg_show_text_before_share":"","sfsi_plus_gutenberg_icon_type":"","sfsi_plus_gutenberg_icon_alignemt":"","sfsi_plus_gutenburg_max_per_row":"","footnotes":""},"categories":[6,10,1],"tags":[],"class_list":["post-1873","post","type-post","status-publish","format-standard","has-post-thumbnail","hentry","category-sao_paulo","category-destaques","category-noticias"],"_links":{"self":[{"href":"https:\/\/noticiasregionais.com.br\/index.php?rest_route=\/wp\/v2\/posts\/1873","targetHints":{"allow":["GET"]}}],"collection":[{"href":"https:\/\/noticiasregionais.com.br\/index.php?rest_route=\/wp\/v2\/posts"}],"about":[{"href":"https:\/\/noticiasregionais.com.br\/index.php?rest_route=\/wp\/v2\/types\/post"}],"author":[{"embeddable":true,"href":"https:\/\/noticiasregionais.com.br\/index.php?rest_route=\/wp\/v2\/users\/1"}],"replies":[{"embeddable":true,"href":"https:\/\/noticiasregionais.com.br\/index.php?rest_route=%2Fwp%2Fv2%2Fcomments&post=1873"}],"version-history":[{"count":1,"href":"https:\/\/noticiasregionais.com.br\/index.php?rest_route=\/wp\/v2\/posts\/1873\/revisions"}],"predecessor-version":[{"id":1875,"href":"https:\/\/noticiasregionais.com.br\/index.php?rest_route=\/wp\/v2\/posts\/1873\/revisions\/1875"}],"wp:featuredmedia":[{"embeddable":true,"href":"https:\/\/noticiasregionais.com.br\/index.php?rest_route=\/wp\/v2\/media\/1874"}],"wp:attachment":[{"href":"https:\/\/noticiasregionais.com.br\/index.php?rest_route=%2Fwp%2Fv2%2Fmedia&parent=1873"}],"wp:term":[{"taxonomy":"category","embeddable":true,"href":"https:\/\/noticiasregionais.com.br\/index.php?rest_route=%2Fwp%2Fv2%2Fcategories&post=1873"},{"taxonomy":"post_tag","embeddable":true,"href":"https:\/\/noticiasregionais.com.br\/index.php?rest_route=%2Fwp%2Fv2%2Ftags&post=1873"}],"curies":[{"name":"wp","href":"https:\/\/api.w.org\/{rel}","templated":true}]}}