{"id":1876,"date":"2024-01-26T12:01:36","date_gmt":"2024-01-26T15:01:36","guid":{"rendered":"https:\/\/noticiasregionais.com.br\/?p=1876"},"modified":"2024-01-26T12:01:47","modified_gmt":"2024-01-26T15:01:47","slug":"policia-militar-captura-procurado-com-auxilio-da-equipe-k9-do-13o-baep-em-santa-cruz","status":"publish","type":"post","link":"https:\/\/noticiasregionais.com.br\/?p=1876","title":{"rendered":"Pol\u00edcia Militar captura procurado com aux\u00edlio da Equipe K9 do 13\u00ba BAEP em Santa Cruz"},"content":{"rendered":"\n<p>Na manh\u00e3 desta sexta-feira, a equipe K9 do 13\u00ba Batalh\u00e3o de A\u00e7\u00f5es Especiais de Pol\u00edcia (BAEP) realizou uma importante captura em Santa Cruz do Rio Pardo, S\u00e3o Paulo. O fato ocorreu na Rua Caraj\u00e1s, no bairro Cidade Jardim, por volta das 07h32.<\/p>\n\n\n\n<p>Durante um patrulhamento de rotina, especializado em a\u00e7\u00f5es policiais com o uso de c\u00e3es, os policiais do 13\u00b0 BAEP abordaram um indiv\u00edduo que, a princ\u00edpio, n\u00e3o apresentava sinais de atividades il\u00edcitas. No entanto, uma verifica\u00e7\u00e3o detalhada revelou algo mais preocupante.<\/p>\n\n\n\n<p>Ap\u00f3s uma busca pessoal, em que nada de ilegal foi encontrado, os oficiais procederam com uma checagem de antecedentes criminais atrav\u00e9s do Centro de Opera\u00e7\u00f5es da Pol\u00edcia Militar (COPOM). Para surpresa da equipe, a consulta revelou a exist\u00eancia de um mandado de pris\u00e3o ativo contra o suspeito. O mandado era referente a uma condena\u00e7\u00e3o de quatro anos de pris\u00e3o por roubo, crime previsto no Artigo 157 do C\u00f3digo Penal Brasileiro.<\/p>\n\n\n\n<p>A efici\u00eancia e a precis\u00e3o do trabalho da equipe K9 do 13\u00b0 BAEP foram cruciais para a captura do procurado. O uso de c\u00e3es treinados em opera\u00e7\u00f5es policiais tem se mostrado uma ferramenta valiosa, n\u00e3o apenas na detec\u00e7\u00e3o de drogas e explosivos, mas tamb\u00e9m no apoio a opera\u00e7\u00f5es de patrulhamento e captura de fugitivos.<\/p>\n\n\n\n<p>O indiv\u00edduo capturado foi encaminhado ao Departamento de Pol\u00edcia de Santa Cruz do Rio Pardo, onde a ocorr\u00eancia foi registrada. Ele agora permanece \u00e0 disposi\u00e7\u00e3o da justi\u00e7a, aguardando as medidas legais subsequentes.<\/p>\n\n\n\n<p>Esta a\u00e7\u00e3o destaca a import\u00e2ncia do trabalho cont\u00ednuo da Pol\u00edcia Militar na manuten\u00e7\u00e3o da seguran\u00e7a p\u00fablica e no combate \u00e0 criminalidade. A atua\u00e7\u00e3o da equipe K9 do 13\u00ba BAEP demonstra o compromisso da pol\u00edcia em utilizar todos os recursos dispon\u00edveis para garantir a seguran\u00e7a da comunidade de Santa Cruz do Rio Pardo e regi\u00e3o.<\/p>\n<input type=\"hidden\" id=\"baseurl\" value=\"https:\/\/noticiasregionais.com.br\"><input type=\"hidden\" id=\"audio_nonce\" value=\"533fbb67b1\">","protected":false},"excerpt":{"rendered":"<p>Na manh\u00e3 desta sexta-feira, a equipe K9 do 13\u00ba Batalh\u00e3o de A\u00e7\u00f5es Especiais de Pol\u00edcia (BAEP) realizou uma importante captura&hellip;<\/p>\n","protected":false},"author":1,"featured_media":1877,"comment_status":"closed","ping_status":"open","sticky":false,"template":"","format":"standard","meta":{"sfsi_plus_gutenberg_text_before_share":"","sfsi_plus_gutenberg_show_text_before_share":"","sfsi_plus_gutenberg_icon_type":"","sfsi_plus_gutenberg_icon_alignemt":"","sfsi_plus_gutenburg_max_per_row":"","footnotes":""},"categories":[6,12,1],"tags":[],"class_list":["post-1876","post","type-post","status-publish","format-standard","has-post-thumbnail","hentry","category-sao_paulo","category-capa","category-noticias"],"_links":{"self":[{"href":"https:\/\/noticiasregionais.com.br\/index.php?rest_route=\/wp\/v2\/posts\/1876","targetHints":{"allow":["GET"]}}],"collection":[{"href":"https:\/\/noticiasregionais.com.br\/index.php?rest_route=\/wp\/v2\/posts"}],"about":[{"href":"https:\/\/noticiasregionais.com.br\/index.php?rest_route=\/wp\/v2\/types\/post"}],"author":[{"embeddable":true,"href":"https:\/\/noticiasregionais.com.br\/index.php?rest_route=\/wp\/v2\/users\/1"}],"replies":[{"embeddable":true,"href":"https:\/\/noticiasregionais.com.br\/index.php?rest_route=%2Fwp%2Fv2%2Fcomments&post=1876"}],"version-history":[{"count":1,"href":"https:\/\/noticiasregionais.com.br\/index.php?rest_route=\/wp\/v2\/posts\/1876\/revisions"}],"predecessor-version":[{"id":1878,"href":"https:\/\/noticiasregionais.com.br\/index.php?rest_route=\/wp\/v2\/posts\/1876\/revisions\/1878"}],"wp:featuredmedia":[{"embeddable":true,"href":"https:\/\/noticiasregionais.com.br\/index.php?rest_route=\/wp\/v2\/media\/1877"}],"wp:attachment":[{"href":"https:\/\/noticiasregionais.com.br\/index.php?rest_route=%2Fwp%2Fv2%2Fmedia&parent=1876"}],"wp:term":[{"taxonomy":"category","embeddable":true,"href":"https:\/\/noticiasregionais.com.br\/index.php?rest_route=%2Fwp%2Fv2%2Fcategories&post=1876"},{"taxonomy":"post_tag","embeddable":true,"href":"https:\/\/noticiasregionais.com.br\/index.php?rest_route=%2Fwp%2Fv2%2Ftags&post=1876"}],"curies":[{"name":"wp","href":"https:\/\/api.w.org\/{rel}","templated":true}]}}