{"id":1879,"date":"2024-01-27T13:13:50","date_gmt":"2024-01-27T16:13:50","guid":{"rendered":"https:\/\/noticiasregionais.com.br\/?p=1879"},"modified":"2024-01-27T13:18:02","modified_gmt":"2024-01-27T16:18:02","slug":"aviso-de-suspensao-de-licitacao-da-sae-e-publicado-no-diario-oficial-de-ourinhos","status":"publish","type":"post","link":"https:\/\/noticiasregionais.com.br\/?p=1879","title":{"rendered":"Aviso de Suspens\u00e3o de Licita\u00e7\u00e3o da SAE \u00e9 publicado no Di\u00e1rio Oficial de Ourinhos"},"content":{"rendered":"\n<p class=\"has-text-align-center\"><strong>A not\u00edcia foi divulgada na manh\u00e3 desse S\u00e1bado, 27 de Janeiro pelo site Contratempo e demostra a fragilidade da tentativa de concess\u00e3o<\/strong><\/p>\n\n\n\n<p>Em edi\u00e7\u00e3o recente do Di\u00e1rio Oficial de Ourinhos, datada de 26 de janeiro, foi anunciada a suspens\u00e3o da Concorr\u00eancia n\u00ba 15\/2023. A medida foi causada por impugna\u00e7\u00f5es e questionamentos levantados em rela\u00e7\u00e3o ao processo licitat\u00f3rio. O objetivo da concorr\u00eancia suspensa era a concess\u00e3o do servi\u00e7o p\u00fablico de \u00e1gua e esgotamento sanit\u00e1rio, atualmente sob responsabilidade da Superintend\u00eancia de \u00c1gua e Esgoto de Ourinhos (SAE).<\/p>\n\n\n\n<p>Sem maiores esclarecimentos o aviso apenas torna p\u00fablico &nbsp;a suspens\u00e3o com base no &nbsp;que est\u00e1 previsto na al\u00ednea II do artigo 2\u00b0 da Lei 8.987\/95, em cumprimento aos preceitos contidos nas Leis Federais de n\u00b0 8.666\/93 e altera\u00e7\u00f5es posteriores, 8.987\/95, 9.074\/95, 9.648\/98, 11.445\/07, 14.026\/2020.<\/p>\n\n\n\n<p>Bem como pela Lei Org\u00e2nica do Munic\u00edpio e Lei Municipal n\u00b0 6.913\/2023, para presta\u00e7\u00e3o plena do servi\u00e7o de abastecimento de \u00e1gua e esgotamento sanit\u00e1rio no Munic\u00edpio.<\/p>\n\n\n\n<p> Inicialmente, a abertura das propostas para a concess\u00e3o da SAE estava agendada para ocorrer no dia 05\/02\/2024, durante o Carnaval, na Bolsa de Valores de S\u00e3o Paulo.<\/p>\n\n\n\n<p>Informa\u00e7\u00f5es Extraoficiais e Lei de Licita\u00e7\u00f5es<\/p>\n\n\n\n<p>Segundo fontes extraoficiais, uma das empresas interessadas na concorr\u00eancia teria apontado diversas irregularidades no processo licitat\u00f3rio. A Lei Federal 8.666\/93, conhecida como Lei de Licita\u00e7\u00f5es e Contratos, estabelece normas e procedimentos para a realiza\u00e7\u00e3o de licita\u00e7\u00f5es e celebra\u00e7\u00e3o de contratos pela Administra\u00e7\u00e3o P\u00fablica. Essa lei define crit\u00e9rios que as empresas devem cumprir para se tornarem fornecedoras dos entes p\u00fablicos, seja da Uni\u00e3o, estados ou munic\u00edpios.<\/p>\n\n\n\n<p>A Lei 8.666\/93 \u00e9 aplic\u00e1vel a licita\u00e7\u00f5es e contratos de obras, servi\u00e7os (incluindo publicidade), compras e loca\u00e7\u00f5es. Al\u00e9m disso, estabelece regras para outros tipos de rela\u00e7\u00e3o, como aliena\u00e7\u00e3o, permiss\u00f5es e concess\u00f5es, como \u00e9 o caso da proposta de Lucas Pocay para a SAE.<\/p>\n\n\n\n<p>\u00c9 importante ressaltar que a Lei 8.666\/93 regula as licita\u00e7\u00f5es de modo a assegurar a imparcialidade na escolha de empresas, evitando que a liberdade de escolha da prefeitura seja usada para atender interesses que n\u00e3o se alinhem ao bem p\u00fablico. Isso significa que uma empresa n\u00e3o deve ser escolhida por motivos pessoais ou particulares dos organizadores da licita\u00e7\u00e3o, mas sim por oferecer a proposta mais vantajosa para o interesse p\u00fablico.<\/p>\n\n\n<div class=\"wp-block-image\">\n<figure class=\"aligncenter size-full\"><img decoding=\"async\" width=\"416\" height=\"546\" src=\"https:\/\/noticiasregionais.com.br\/wp-content\/uploads\/2024\/01\/concessao-sae-suspensa-aviso.png\" alt=\"\" class=\"wp-image-1881\" srcset=\"https:\/\/noticiasregionais.com.br\/wp-content\/uploads\/2024\/01\/concessao-sae-suspensa-aviso.png 416w, https:\/\/noticiasregionais.com.br\/wp-content\/uploads\/2024\/01\/concessao-sae-suspensa-aviso-229x300.png 229w\" sizes=\"(max-width: 416px) 100vw, 416px\" \/><\/figure>\n<\/div><input type=\"hidden\" id=\"baseurl\" value=\"https:\/\/noticiasregionais.com.br\"><input type=\"hidden\" id=\"audio_nonce\" value=\"533fbb67b1\">","protected":false},"excerpt":{"rendered":"<p>A not\u00edcia foi divulgada na manh\u00e3 desse S\u00e1bado, 27 de Janeiro pelo site Contratempo e demostra a fragilidade da tentativa&hellip;<\/p>\n","protected":false},"author":1,"featured_media":950,"comment_status":"closed","ping_status":"open","sticky":false,"template":"","format":"standard","meta":{"sfsi_plus_gutenberg_text_before_share":"","sfsi_plus_gutenberg_show_text_before_share":"","sfsi_plus_gutenberg_icon_type":"","sfsi_plus_gutenberg_icon_alignemt":"","sfsi_plus_gutenburg_max_per_row":"","footnotes":""},"categories":[5,12,1],"tags":[],"class_list":["post-1879","post","type-post","status-publish","format-standard","has-post-thumbnail","hentry","category-ourinhos","category-capa","category-noticias"],"_links":{"self":[{"href":"https:\/\/noticiasregionais.com.br\/index.php?rest_route=\/wp\/v2\/posts\/1879","targetHints":{"allow":["GET"]}}],"collection":[{"href":"https:\/\/noticiasregionais.com.br\/index.php?rest_route=\/wp\/v2\/posts"}],"about":[{"href":"https:\/\/noticiasregionais.com.br\/index.php?rest_route=\/wp\/v2\/types\/post"}],"author":[{"embeddable":true,"href":"https:\/\/noticiasregionais.com.br\/index.php?rest_route=\/wp\/v2\/users\/1"}],"replies":[{"embeddable":true,"href":"https:\/\/noticiasregionais.com.br\/index.php?rest_route=%2Fwp%2Fv2%2Fcomments&post=1879"}],"version-history":[{"count":2,"href":"https:\/\/noticiasregionais.com.br\/index.php?rest_route=\/wp\/v2\/posts\/1879\/revisions"}],"predecessor-version":[{"id":1882,"href":"https:\/\/noticiasregionais.com.br\/index.php?rest_route=\/wp\/v2\/posts\/1879\/revisions\/1882"}],"wp:featuredmedia":[{"embeddable":true,"href":"https:\/\/noticiasregionais.com.br\/index.php?rest_route=\/wp\/v2\/media\/950"}],"wp:attachment":[{"href":"https:\/\/noticiasregionais.com.br\/index.php?rest_route=%2Fwp%2Fv2%2Fmedia&parent=1879"}],"wp:term":[{"taxonomy":"category","embeddable":true,"href":"https:\/\/noticiasregionais.com.br\/index.php?rest_route=%2Fwp%2Fv2%2Fcategories&post=1879"},{"taxonomy":"post_tag","embeddable":true,"href":"https:\/\/noticiasregionais.com.br\/index.php?rest_route=%2Fwp%2Fv2%2Ftags&post=1879"}],"curies":[{"name":"wp","href":"https:\/\/api.w.org\/{rel}","templated":true}]}}