{"id":1886,"date":"2024-01-27T19:46:57","date_gmt":"2024-01-27T22:46:57","guid":{"rendered":"https:\/\/noticiasregionais.com.br\/?p=1886"},"modified":"2024-01-27T19:47:08","modified_gmt":"2024-01-27T22:47:08","slug":"policia-rodoviaria-realiza-grande-apreensao-de-drogas-em-santa-cruz-do-rio-pardo","status":"publish","type":"post","link":"https:\/\/noticiasregionais.com.br\/?p=1886","title":{"rendered":"Pol\u00edcia Rodovi\u00e1ria realiza grande apreens\u00e3o de drogas em Santa Cruz do Rio Pardo"},"content":{"rendered":"\n<p>Em uma a\u00e7\u00e3o exemplar de combate ao tr\u00e1fico de drogas, a Pol\u00edcia Militar Rodovi\u00e1ria do Estado de S\u00e3o Paulo efetuou uma significativa apreens\u00e3o de subst\u00e2ncias il\u00edcitas na tarde desta sexta-feira, 26 de janeiro de 2024. O fato ocorreu por volta das 17h40 na Rodovia Castelo Branco (SP-280), mais precisamente no km 314, pr\u00f3ximo \u00e0 regi\u00e3o de Santa Cruz do Rio Pardo.<\/p>\n\n\n\n<p>Durante a Opera\u00e7\u00e3o Impacto, uma equipe do 2\u00b0 Batalh\u00e3o de Pol\u00edcia Rodovi\u00e1ria abordou um ve\u00edculo Nissan Kicks, cujo condutor apresentava comportamento suspeito. A r\u00e1pida a\u00e7\u00e3o dos policiais resultou na descoberta de uma grande quantidade de maconha, escondida no banco traseiro e no porta-malas do carro. Ao todo, foram apreendidos 569,543 quilogramas do entorpecente.<\/p>\n\n\n\n<p>O indiv\u00edduo, cuja identidade n\u00e3o foi divulgada, foi preso em flagrante por tr\u00e1fico de drogas. A ocorr\u00eancia foi encaminhada para a Central de Pol\u00edcia Judici\u00e1ria de Ourinhos, onde o caso foi devidamente registrado e o condutor permaneceu \u00e0 disposi\u00e7\u00e3o da Justi\u00e7a.<\/p>\n\n\n\n<p>Esta opera\u00e7\u00e3o reflete o compromisso cont\u00ednuo da Pol\u00edcia Militar Rodovi\u00e1ria na luta contra o tr\u00e1fico de drogas e na manuten\u00e7\u00e3o da seguran\u00e7a nas estradas do Estado de S\u00e3o Paulo. A Pol\u00edcia Militar segue firme em sua miss\u00e3o, lembrando sempre o lema &#8220;Rumo aos 200 anos! Vamos todos juntos. Ningu\u00e9m fica para tr\u00e1s&#8221;, reiterando seu compromisso com a seguran\u00e7a e o bem-estar da popula\u00e7\u00e3o paulista.<\/p>\n<input type=\"hidden\" id=\"baseurl\" value=\"https:\/\/noticiasregionais.com.br\"><input type=\"hidden\" id=\"audio_nonce\" value=\"533fbb67b1\">","protected":false},"excerpt":{"rendered":"<p>Em uma a\u00e7\u00e3o exemplar de combate ao tr\u00e1fico de drogas, a Pol\u00edcia Militar Rodovi\u00e1ria do Estado de S\u00e3o Paulo efetuou&hellip;<\/p>\n","protected":false},"author":1,"featured_media":1887,"comment_status":"closed","ping_status":"open","sticky":false,"template":"","format":"standard","meta":{"sfsi_plus_gutenberg_text_before_share":"","sfsi_plus_gutenberg_show_text_before_share":"","sfsi_plus_gutenberg_icon_type":"","sfsi_plus_gutenberg_icon_alignemt":"","sfsi_plus_gutenburg_max_per_row":"","footnotes":""},"categories":[6,10,1],"tags":[],"class_list":["post-1886","post","type-post","status-publish","format-standard","has-post-thumbnail","hentry","category-sao_paulo","category-destaques","category-noticias"],"_links":{"self":[{"href":"https:\/\/noticiasregionais.com.br\/index.php?rest_route=\/wp\/v2\/posts\/1886","targetHints":{"allow":["GET"]}}],"collection":[{"href":"https:\/\/noticiasregionais.com.br\/index.php?rest_route=\/wp\/v2\/posts"}],"about":[{"href":"https:\/\/noticiasregionais.com.br\/index.php?rest_route=\/wp\/v2\/types\/post"}],"author":[{"embeddable":true,"href":"https:\/\/noticiasregionais.com.br\/index.php?rest_route=\/wp\/v2\/users\/1"}],"replies":[{"embeddable":true,"href":"https:\/\/noticiasregionais.com.br\/index.php?rest_route=%2Fwp%2Fv2%2Fcomments&post=1886"}],"version-history":[{"count":1,"href":"https:\/\/noticiasregionais.com.br\/index.php?rest_route=\/wp\/v2\/posts\/1886\/revisions"}],"predecessor-version":[{"id":1888,"href":"https:\/\/noticiasregionais.com.br\/index.php?rest_route=\/wp\/v2\/posts\/1886\/revisions\/1888"}],"wp:featuredmedia":[{"embeddable":true,"href":"https:\/\/noticiasregionais.com.br\/index.php?rest_route=\/wp\/v2\/media\/1887"}],"wp:attachment":[{"href":"https:\/\/noticiasregionais.com.br\/index.php?rest_route=%2Fwp%2Fv2%2Fmedia&parent=1886"}],"wp:term":[{"taxonomy":"category","embeddable":true,"href":"https:\/\/noticiasregionais.com.br\/index.php?rest_route=%2Fwp%2Fv2%2Fcategories&post=1886"},{"taxonomy":"post_tag","embeddable":true,"href":"https:\/\/noticiasregionais.com.br\/index.php?rest_route=%2Fwp%2Fv2%2Ftags&post=1886"}],"curies":[{"name":"wp","href":"https:\/\/api.w.org\/{rel}","templated":true}]}}