{"id":1889,"date":"2024-01-29T08:56:24","date_gmt":"2024-01-29T11:56:24","guid":{"rendered":"https:\/\/noticiasregionais.com.br\/?p=1889"},"modified":"2024-01-29T08:56:35","modified_gmt":"2024-01-29T11:56:35","slug":"usuarios-da-cracolandia-saqueiam-loja-e-causam-prejuizo-de-r-300-mil-a-comerciante","status":"publish","type":"post","link":"https:\/\/noticiasregionais.com.br\/?p=1889","title":{"rendered":"Usu\u00e1rios da cracol\u00e2ndia saqueiam loja e causam preju\u00edzo de R$ 300 mil a comerciante"},"content":{"rendered":"\n<p class=\"has-text-align-center\"><strong>Uma das lojas do Portal das C\u00e2meras, na rua Santa Ifig\u00eania, no centro de S\u00e3o Paulo, vai encerrar suas atividades ap\u00f3s ser saqueada por usu\u00e1rios de drogas na madrugada de s\u00e1bado.<\/strong><\/p>\n\n\n\n<p>Uma das lojas do Portal das C\u00e2meras, na rua Santa Ifig\u00eania, no centro de S\u00e3o Paulo, vai encerrar suas atividades ap\u00f3s ser saqueada por usu\u00e1rios de drogas na madrugada de s\u00e1bado (27).<\/p>\n\n\n\n<p>O com\u00e9rcio estava no mesmo ponto havia cerca de dez anos. O representante da marca, Jos\u00e9 Paulo Souza, 64, disse \u00e0 Folha n\u00e3o ter como continuar diante um preju\u00edzo avaliado em R$ 300 mil.<\/p>\n\n\n\n<p>Foram levados itens como c\u00e2meras, gravadores digitais de v\u00eddeo, cabos, fontes, conectores, estabilizadores e no-break.<\/p>\n\n\n\n<p>Souza foi chamado por guardas-municipais na manh\u00e3 deste domingo (28) para comparecer ao 2\u00ba DP (Bom Retiro) depois de alguns objetos terem sido encontrados. Ele afirmou ter ido ao local com a esperan\u00e7a de reaver itens de alto valor. No entanto, segundo ele, nada de interessante teria sido recuperado por for\u00e7as policiais, exceto alguns cabos.<\/p>\n\n\n\n<p>Segundo a GCM, produtos reconhecidos pelos propriet\u00e1rios foram encontrados com tr\u00eas homens na rua Vit\u00f3ria, na mesma regi\u00e3o do saque.<\/p>\n\n\n\n<p>No dia do crime, nem mesmo o sistema de monitoramento e as portas autom\u00e1ticas refor\u00e7adas foram capazes de inibir a a\u00e7\u00e3o do grupo. Conforme foi registrado em v\u00eddeo, dependentes qu\u00edmicos for\u00e7aram as portas at\u00e9 conseguir uma brecha e acessar o interior do estabelecimento. As imagens mostram quando diversas pessoas deixam o local carregando caixas.<\/p>\n\n\n\n<p>O alarme funcionou, mas ficou inoperante diante a quantidade de pessoas que invadiram o pr\u00e9dio em curto espa\u00e7o de tempo.<\/p>\n\n\n\n<p>O entorno da rua Santa Ifig\u00eania, conhecido ponto de com\u00e9rcios eletr\u00f4nico, consta com bastante policiamento durante o hor\u00e1rio comercial, com a presen\u00e7a de duplas de PMs em cada esquina, patrulhas da GCM, da Cavalaria e da Rocam (policiamento em motos), mas com rondas deficit\u00e1rias durante a noite e a madrugada, momento em que criminosos se aproveitam para atacar.<\/p>\n\n\n\n<p>Conforme Souza, um grupo menor j\u00e1 tinha tentado invadir a loja na ter\u00e7a-feira (23), mas sem sucesso.<\/p>\n\n\n\n<p>O representante da marca relatou n\u00e3o ter elaborado boletim de ocorr\u00eancia, uma vez que o 3\u00ba DP (Campos El\u00edseos), que atende a regi\u00e3o, fecha aos s\u00e1bados e domingos. O registro ser\u00e1 feito na segunda-feira (29).<\/p>\n\n\n\n<p>O ataque na loja de Jos\u00e9 Paulo Souza foi semelhante ao sofrido pela comerciante Angela Aparecida Alves de Oliveira, 44, em novembro passado. Ela, que tamb\u00e9m trabalhava na rua Santa Ifig\u00eania, teve seu com\u00e9rcio invadido na primeira madrugada daquele m\u00eas.<\/p>\n\n\n\n<p>Durante entrevista em dezembro ela relatou ter ficado doente e desempregada depois do saque em sua loja de manuten\u00e7\u00e3o de celulares.<\/p>\n\n\n\n<p>Ela contou que sua rotina mudou desde ent\u00e3o, com o uso frequente de rem\u00e9dios para dormir e o medo de sair de casa.<\/p>\n\n\n\n<p>No dia do saque, os criminosos levaram 25 celulares de clientes, 1.500 pel\u00edculas, mil capinhas, cabos, carregadores, suporte para carros e fones de ouvido. Uma m\u00e1quina para retirar tela e outra para medir a capacidade da bateria tamb\u00e9m foram furtadas. O preju\u00edzo total, ela diz, \u00e9 estimado em R$ 80 mil.<\/p>\n\n\n\n<p>Dos 25 telefones roubados, Angela ter\u00e1 que restituir dez, de clientes que passaram a cobrar pelos aparelhos levados. Ela afirma que com muito esfor\u00e7o j\u00e1 conseguiu restituir quatro aparelhos, restando outros seis, que sabe-se l\u00e1 quando vai conseguir comprar.<\/p>\n\n\n\n<p>Conta, ainda, que recorreu a um empr\u00e9stimo de R$ 4.000 para pagar fornecedores e arrumar a porta destru\u00edda durante o ato de vandalismo.<\/p>\n\n\n\n<p>&#8220;N\u00e3o tenho capital de giro. A loja est\u00e1 aberta pois ainda estou respondendo a esses clientes [que exigem a restitui\u00e7\u00e3o do aparelho]. Tem um fornecedor que est\u00e1 confiando pe\u00e7a fiado, ent\u00e3o o t\u00e9cnico est\u00e1 trabalhando e com isso estou pagando. Meus filhos est\u00e3o pagando o aluguel do apartamento onde eu vivo&#8221;, disse Angela \u00e0 Folha.<\/p>\n\n\n\n<p><strong><sub>fonte: Sampi \/ Folhapress<\/sub><\/strong><\/p>\n<input type=\"hidden\" id=\"baseurl\" value=\"https:\/\/noticiasregionais.com.br\"><input type=\"hidden\" id=\"audio_nonce\" value=\"533fbb67b1\">","protected":false},"excerpt":{"rendered":"<p>Uma das lojas do Portal das C\u00e2meras, na rua Santa Ifig\u00eania, no centro de S\u00e3o Paulo, vai encerrar suas atividades&hellip;<\/p>\n","protected":false},"author":1,"featured_media":1890,"comment_status":"closed","ping_status":"open","sticky":false,"template":"","format":"standard","meta":{"sfsi_plus_gutenberg_text_before_share":"","sfsi_plus_gutenberg_show_text_before_share":"","sfsi_plus_gutenberg_icon_type":"","sfsi_plus_gutenberg_icon_alignemt":"","sfsi_plus_gutenburg_max_per_row":"","footnotes":""},"categories":[6,10,1],"tags":[],"class_list":["post-1889","post","type-post","status-publish","format-standard","has-post-thumbnail","hentry","category-sao_paulo","category-destaques","category-noticias"],"_links":{"self":[{"href":"https:\/\/noticiasregionais.com.br\/index.php?rest_route=\/wp\/v2\/posts\/1889","targetHints":{"allow":["GET"]}}],"collection":[{"href":"https:\/\/noticiasregionais.com.br\/index.php?rest_route=\/wp\/v2\/posts"}],"about":[{"href":"https:\/\/noticiasregionais.com.br\/index.php?rest_route=\/wp\/v2\/types\/post"}],"author":[{"embeddable":true,"href":"https:\/\/noticiasregionais.com.br\/index.php?rest_route=\/wp\/v2\/users\/1"}],"replies":[{"embeddable":true,"href":"https:\/\/noticiasregionais.com.br\/index.php?rest_route=%2Fwp%2Fv2%2Fcomments&post=1889"}],"version-history":[{"count":1,"href":"https:\/\/noticiasregionais.com.br\/index.php?rest_route=\/wp\/v2\/posts\/1889\/revisions"}],"predecessor-version":[{"id":1891,"href":"https:\/\/noticiasregionais.com.br\/index.php?rest_route=\/wp\/v2\/posts\/1889\/revisions\/1891"}],"wp:featuredmedia":[{"embeddable":true,"href":"https:\/\/noticiasregionais.com.br\/index.php?rest_route=\/wp\/v2\/media\/1890"}],"wp:attachment":[{"href":"https:\/\/noticiasregionais.com.br\/index.php?rest_route=%2Fwp%2Fv2%2Fmedia&parent=1889"}],"wp:term":[{"taxonomy":"category","embeddable":true,"href":"https:\/\/noticiasregionais.com.br\/index.php?rest_route=%2Fwp%2Fv2%2Fcategories&post=1889"},{"taxonomy":"post_tag","embeddable":true,"href":"https:\/\/noticiasregionais.com.br\/index.php?rest_route=%2Fwp%2Fv2%2Ftags&post=1889"}],"curies":[{"name":"wp","href":"https:\/\/api.w.org\/{rel}","templated":true}]}}