{"id":1892,"date":"2024-01-29T19:49:39","date_gmt":"2024-01-29T22:49:39","guid":{"rendered":"https:\/\/noticiasregionais.com.br\/?p=1892"},"modified":"2024-01-29T19:49:51","modified_gmt":"2024-01-29T22:49:51","slug":"fim-da-desoneracao-da-folha-preocupa-industrias-texteis-de-santa-catarina","status":"publish","type":"post","link":"https:\/\/noticiasregionais.com.br\/?p=1892","title":{"rendered":"Fim da desonera\u00e7\u00e3o da folha preocupa ind\u00fastrias t\u00eaxteis de Santa Catarina"},"content":{"rendered":"\n<p class=\"has-text-align-center\"><strong>Medida provis\u00f3ria do governo obriga empresas do setor a pagarem mais imposto a partir de abril, o que pode gerar impactos ao consumidor final<\/strong><\/p>\n\n\n\n<p>Em entrevista ao Brasil 61, Jos\u00e9 Altino,&nbsp;presidente do Sindicato das Ind\u00fastrias de Fia\u00e7\u00e3o, Tecelagem e do Vestu\u00e1rio de Blumenau (Sintex), um dos maiores polos t\u00eaxteis do pa\u00eds, criticou a medida provis\u00f3ria que reonera a folha de pagamento. Segundo ele, a decis\u00e3o do governo federal vai elevar o custo das empresas \u2014&nbsp;&nbsp;o que impactar\u00e1&nbsp;os postos de trabalho e o pre\u00e7o dos produtos aos consumidores.&nbsp;<\/p>\n\n\n\n<p>&#8220;N\u00f3s temos preocupa\u00e7\u00e3o, porque \u00e9 um setor que emprega muito no Brasil, e que a desonera\u00e7\u00e3o vem ajudando. Neste momento n\u00e3o \u00e9 hora de reonerar nada, porque no ano passado o n\u00famero de empregos do setor t\u00eaxtil caiu. O&nbsp;consumo n\u00e3o foi grande e tamb\u00e9m tiveram essas plataformas que trouxeram muitos produtos numa condi\u00e7\u00e3o muito diferente da tributa\u00e7\u00e3o brasileira&#8221;, disse.&nbsp;<\/p>\n\n\n\n<p>Na regi\u00e3o de Blumenau, o Sintex estima a atua\u00e7\u00e3o de cinco mil empresas do setor, com cerca de 60 mil trabalhadores com carteira assinada. Al\u00e9m do impacto sobre o mercado de trabalho,&nbsp;Altino alerta&nbsp;que a reonera\u00e7\u00e3o pode pressionar tamb\u00e9m os consumidores, uma vez que o aumento de tributa\u00e7\u00e3o sobre os neg\u00f3cios seria repassado no momento da venda.&nbsp;<\/p>\n\n\n\n<p>Respons\u00e1vel por cerca de 1,3 milh\u00e3o de empregos no pa\u00eds, o segmento&nbsp;t\u00eaxtil e de confec\u00e7\u00e3o \u00e9 um dos oito que estar\u00e3o fora da desonera\u00e7\u00e3o da folha de pagamento a partir de abril. Isso significa que as empresas que hoje pagam 2,5% de imposto sobre o faturamento ter\u00e3o que voltar a pagar 20% para a Previd\u00eancia Social sobre a folha de pagamento.&nbsp;<\/p>\n\n\n\n<p>A mudan\u00e7a repentina no fim do ano passado, mesmo ap\u00f3s o Congresso Nacional aprovar a extens\u00e3o do mecanismo at\u00e9&nbsp;2027, preocupa empres\u00e1rios e trabalhadores em 2024. A Associa\u00e7\u00e3o Brasileira da Ind\u00fastria T\u00eaxtil (Abit) calcula que cerca de mil empresas do setor optam pela tributa\u00e7\u00e3o sobre o faturamento, em vez do pagamento sobre a folha de sal\u00e1rios.<br><br>&#8220;Isso atinge um n\u00famero expressivo de pessoas. Mais de 100 mil envolvidos com esse tipo de contribui\u00e7\u00e3o pelo faturamento. O setor gera um milh\u00e3o e trezentos mil empregos diretos. De 10% a 15% do setor \u00e9 atingido pela medida e isso faz toda a diferen\u00e7a para a cadeia produtiva&#8221;, diz Fernando Valente Pimentel, diretor-superintendente da Abit.&nbsp;<\/p>\n\n\n\n<h2 class=\"wp-block-heading\">Incerteza<\/h2>\n\n\n\n<p>Parlamentares que trabalharam para aprovar a lei que estendeu a desonera\u00e7\u00e3o da folha at\u00e9 o fim de 2027 pediram ao presidente do Congresso Nacional, senador Rodrigo Pacheco (PSD-MG), que devolvesse a MP enviada pelo&nbsp;Executivo. Pacheco conversou com o ministro da Fazenda, Fernando Haddad, e com o presidente Lula, e revelou&nbsp;que o governo se comprometeu a reeditar o texto&nbsp;sem alterar o benef\u00edcio. O governo, contudo, n\u00e3o confirmou a declara\u00e7\u00e3o.&nbsp;<\/p>\n\n\n\n<p>Para o deputado federal Gilson Marques (Novo-SC), o suposto acordo &#8216;n\u00e3o \u00e9 positivo&#8217; por entender que h\u00e1 sinaliza\u00e7\u00e3o de que a equipe econ\u00f4mica&nbsp;tentar\u00e1 emplacar a reonera\u00e7\u00e3o da folha por meio de projeto de lei.&nbsp;<\/p>\n\n\n\n<p>&#8220;N\u00e3o \u00e9 o adequado, porque provavelmente eles v\u00e3o retirar a MP e fazer atrav\u00e9s de um outro instrumento uma proposta de meio termo, ou seja, reonerando de uma forma mais progressiva ou talvez num valor reduzido. N\u00e3o se sabe. Eu acho ruim, porque qualquer coisa que vier nesse espa\u00e7o de negocia\u00e7\u00e3o vai ser mais recurso para o sistema parasit\u00e1rio retirar do setor produtivo&#8221;, condenou.&nbsp;<\/p>\n\n\n\n<p>Segundo a MP editada pelo governo, oito dos 17 setores que hoje s\u00e3o alcan\u00e7ados pela desonera\u00e7\u00e3o da folha ser\u00e3o exclu\u00eddos do mecanismo a partir de abril. As empresas dos outros nove segmentos,&nbsp;por sua vez, foram divididas em dois grupos. Para elas, a desonera\u00e7\u00e3o tamb\u00e9m ter\u00e1 fim, mas s\u00f3 em 2027. At\u00e9 l\u00e1, a tributa\u00e7\u00e3o aumentaria de forma gradual, partindo de 10% ou 15% sobre a folha de sal\u00e1rios j\u00e1 a partir deste ano. &nbsp;<\/p>\n\n\n\n<p><a href=\"https:\/\/brasil61.com\/n\/entenda-o-embate-entre-governo-e-congresso-nacional-em-torno-da-desoneracao-da-folha-de-pagamento-pind244448\" target=\"_blank\" rel=\"noopener\">Governo acerta se desistir de reonera\u00e7\u00e3o da folha de pagamento, avaliam especialistas<br><br>Entenda o embate entre governo e Congresso Nacional em torno da desonera\u00e7\u00e3o da folha de pagamento<\/a><\/p>\n\n\n\n<p><a href=\"whatsapp:\/\/send?text= https:\/\/brasil61.com\/n\/fim-da-desoneracao-da-folha-preocupa-industrias-texteis-de-santa-catarina-pind244492\"><\/a><a href=\"http:\/\/www.facebook.com\/sharer.php?u=https:\/\/brasil61.com\/n\/fim-da-desoneracao-da-folha-preocupa-industrias-texteis-de-santa-catarina-pind244492&amp;t=\" target=\"_blank\" rel=\"noreferrer noopener\"> <\/a><a href=\"https:\/\/twitter.com\/share?url=https:\/\/brasil61.com\/n\/fim-da-desoneracao-da-folha-preocupa-industrias-texteis-de-santa-catarina-pind244492&amp;text=\" target=\"_blank\" rel=\"noreferrer noopener\"><\/a><a href=\"mailto:?Subject=Fim da desonera\u00e7\u00e3o da folha preocupa ind\u00fastrias t\u00eaxteis de Santa Catarina&amp;Body= https:\/\/brasil61.com\/n\/fim-da-desoneracao-da-folha-preocupa-industrias-texteis-de-santa-catarina-pind244492\"><\/a><\/p>\n\n\n\n<p>Fonte: <a href=\"https:\/\/brasil61.com\/n\/fim-da-desoneracao-da-folha-preocupa-industrias-texteis-de-santa-catarina-pind244492\" target=\"_blank\" rel=\"noreferrer noopener\">Brasil 61<\/a><\/p>\n<input type=\"hidden\" id=\"baseurl\" value=\"https:\/\/noticiasregionais.com.br\"><input type=\"hidden\" id=\"audio_nonce\" value=\"533fbb67b1\">","protected":false},"excerpt":{"rendered":"<p>Medida provis\u00f3ria do governo obriga empresas do setor a pagarem mais imposto a partir de abril, o que pode gerar&hellip;<\/p>\n","protected":false},"author":1,"featured_media":1893,"comment_status":"closed","ping_status":"open","sticky":false,"template":"","format":"standard","meta":{"sfsi_plus_gutenberg_text_before_share":"","sfsi_plus_gutenberg_show_text_before_share":"","sfsi_plus_gutenberg_icon_type":"","sfsi_plus_gutenberg_icon_alignemt":"","sfsi_plus_gutenburg_max_per_row":"","footnotes":""},"categories":[8,10,1],"tags":[],"class_list":["post-1892","post","type-post","status-publish","format-standard","has-post-thumbnail","hentry","category-brasil","category-destaques","category-noticias"],"_links":{"self":[{"href":"https:\/\/noticiasregionais.com.br\/index.php?rest_route=\/wp\/v2\/posts\/1892","targetHints":{"allow":["GET"]}}],"collection":[{"href":"https:\/\/noticiasregionais.com.br\/index.php?rest_route=\/wp\/v2\/posts"}],"about":[{"href":"https:\/\/noticiasregionais.com.br\/index.php?rest_route=\/wp\/v2\/types\/post"}],"author":[{"embeddable":true,"href":"https:\/\/noticiasregionais.com.br\/index.php?rest_route=\/wp\/v2\/users\/1"}],"replies":[{"embeddable":true,"href":"https:\/\/noticiasregionais.com.br\/index.php?rest_route=%2Fwp%2Fv2%2Fcomments&post=1892"}],"version-history":[{"count":1,"href":"https:\/\/noticiasregionais.com.br\/index.php?rest_route=\/wp\/v2\/posts\/1892\/revisions"}],"predecessor-version":[{"id":1894,"href":"https:\/\/noticiasregionais.com.br\/index.php?rest_route=\/wp\/v2\/posts\/1892\/revisions\/1894"}],"wp:featuredmedia":[{"embeddable":true,"href":"https:\/\/noticiasregionais.com.br\/index.php?rest_route=\/wp\/v2\/media\/1893"}],"wp:attachment":[{"href":"https:\/\/noticiasregionais.com.br\/index.php?rest_route=%2Fwp%2Fv2%2Fmedia&parent=1892"}],"wp:term":[{"taxonomy":"category","embeddable":true,"href":"https:\/\/noticiasregionais.com.br\/index.php?rest_route=%2Fwp%2Fv2%2Fcategories&post=1892"},{"taxonomy":"post_tag","embeddable":true,"href":"https:\/\/noticiasregionais.com.br\/index.php?rest_route=%2Fwp%2Fv2%2Ftags&post=1892"}],"curies":[{"name":"wp","href":"https:\/\/api.w.org\/{rel}","templated":true}]}}