{"id":1895,"date":"2024-01-29T20:02:45","date_gmt":"2024-01-29T23:02:45","guid":{"rendered":"https:\/\/noticiasregionais.com.br\/?p=1895"},"modified":"2024-01-29T20:02:56","modified_gmt":"2024-01-29T23:02:56","slug":"dengue-saiba-como-identificar-os-sintomas-e-prevenir-a-doenca","status":"publish","type":"post","link":"https:\/\/noticiasregionais.com.br\/?p=1895","title":{"rendered":"Dengue: saiba como identificar os sintomas e prevenir a doen\u00e7a"},"content":{"rendered":"\n<p class=\"has-text-align-center\"><strong>V\u00edrus da dengue \u00e9 transmitido pela picada da f\u00eamea do mosquito Aedes aegypti<\/strong><\/p>\n\n\n\n<p>Com o in\u00edcio do per\u00edodo das chuvas e das altas temperaturas, o n\u00famero de casos de dengue, chikungunya e Zika tende a aumentar. O v\u00edrus da dengue \u00e9 transmitido por mosquitos f\u00eamea, principalmente da esp\u00e9cie Aedes aegypti. Existem quatro sorotipos que causam a dengue: DENV-1, DENV-2, DENV-3 e DENV-4.&nbsp;<\/p>\n\n\n\n<p>De julho de 2023 at\u00e9 janeiro deste ano, o Brasil registrou 370,205 casos prov\u00e1veis de dengue, segundo dados do Minist\u00e9rio da Sa\u00fade. Conforme a pasta, foram cerca de 182 casos a cada 100 mil habitantes. O n\u00famero de casos \u00e9 17,6% maior que o registrado em 2022. As regi\u00f5es com os maiores coeficientes de incid\u00eancia de casos s\u00e3o Centro-Oeste, Sudeste e Sul. Entre os estados, Acre, Minas Gerais, Espirito Santo e o Distrito Federal apresentam as maiores incid\u00eancias.&nbsp;<\/p>\n\n\n\n<p>Em meio a alta registrada de casos da doen\u00e7a no Brasil nas primeiras semanas de 2024, medidas de combate e preven\u00e7\u00e3o contra a prolifera\u00e7\u00e3o do mosquito transmissor da doen\u00e7a precisam ser intensificadas. Conforme o m\u00e9dico infectologista, Werciley J\u00fanior, para o combate \u00e0 dengue s\u00e3o necess\u00e1rios um conjunto de a\u00e7\u00f5es em diversas frentes.<\/p>\n\n\n\n<p>\u201cA estrat\u00e9gia de combate \u00e0 dengue tem que ser em v\u00e1rias posi\u00e7\u00f5es. Primeiro, preven\u00e7\u00e3o do indiv\u00edduo com a vacina\u00e7\u00e3o. Segunda parte de preven\u00e7\u00e3o, os cuidados para prevenir s\u00edtios e criat\u00f3rios, ou seja, higiene, limpeza de terrenos baldios, orienta\u00e7\u00e3o para todas as fam\u00edlias para cuidados dentro e fora do domic\u00edlio. Terceira coisa, o uso de repelente e outro ponto seria diagn\u00f3stico precoce e interven\u00e7\u00e3o r\u00e1pida, ou seja, pessoas com sintomas ser rapidamente avaliadas e gerar interven\u00e7\u00e3o naquelas comunidades que t\u00eam casos aumentados\u201d, avalia.<\/p>\n\n\n\n<p>O Minist\u00e9rio da Sa\u00fade recomenda que medidas simples implementadas \u00e0 rotina podem&nbsp;ajudar na elimina\u00e7\u00e3o do mosquito. S\u00e3o indicadas as seguintes a\u00e7\u00f5es: evitar deixar \u00e1gua parada em recipientes ao ar livre (potes, garrafas ou outros recipientes que possam acumular \u00e1gua) para que n\u00e3o se tornem criadouros de mosquitos; cobrir adequadamente os tanques e reservat\u00f3rios de \u00e1gua para manter os mosquitos afastado e evitar acumular lixo.&nbsp;<\/p>\n\n\n\n<p>Morador de Bras\u00edlia, o&nbsp;empres\u00e1rio Felipe Oliveira, de 30 anos,&nbsp;conta como tem procurado se prevenir contra a dengue. \u201cA gente est\u00e1 redobrando o cuidado aqui em casa. Colocando areia nos vasos de plantas, tirando \u00e1gua da calha, n\u00e3o deixando acumular nenhum entulho, porque realmente tem que ter essa preocupa\u00e7\u00e3o\u201d, relata.<\/p>\n\n\n\n<h2 class=\"wp-block-heading\">Sinais e Sintomas&nbsp;<\/h2>\n\n\n\n<p>A dengue pode variar desde uma doen\u00e7a sem manifesta\u00e7\u00e3o de sintomas at\u00e9 quadros graves com hemorragia e choque. Geralmente, os sinais aparecem de 4 a 10 dias ap\u00f3s a picada do mosquito infectado. O infectologista Werciley J\u00fanior destaca os principais sintomas da dengue.<\/p>\n\n\n\n<p>\u201cPaciente com suspeita de dengue normalmente apresenta febre, dor no corpo associado a dor articular, dor acima dos olhos e muita prostra\u00e7\u00e3o. Ent\u00e3o, na suspeita, o ideal \u00e9 sempre buscar assist\u00eancia m\u00e9dica para que possa ser feito um exame de sangue para avaliar a taxa de desidrata\u00e7\u00e3o do paciente e as plaquetas. Caso o exame n\u00e3o esteja alterado e a pessoa consiga se hidratar, o tratamento base para a dengue sempre \u00e9 a hidrata\u00e7\u00e3o\u201d, explica.<\/p>\n\n\n\n<h2 class=\"wp-block-heading\">Situa\u00e7\u00e3o de Emerg\u00eancia<\/h2>\n\n\n\n<p>Na manh\u00e3 deste s\u00e1bado (27) o governo de Minas Gerais decretou situa\u00e7\u00e3o de emerg\u00eancia devido ao aumento dos casos de dengue, no estado.&nbsp;A determina\u00e7\u00e3o, assinada pelo governador Romeu Zema (Novo), foi publicada no Di\u00e1rio Oficial do Estado. O decreto vale por 180 dias. Conforme a Secretaria de Estado de Sa\u00fade (SES-MG), at\u00e9 a \u00faltima sexta-feira (26) foram registrados 21.573 casos de dengue. As regi\u00f5es de Belo Horizonte e Itabira apresentaram os maiores \u00edndices de casos.<\/p>\n\n\n\n<p>Al\u00e9m de Minas, o Distrito Federal e o Acre declararam situa\u00e7\u00e3o de emerg\u00eancia. No DF, at\u00e9 o dia 20 de janeiro, houve 16.079 casos prov\u00e1veis notificados da doen\u00e7a. J\u00e1 no Acre, de acordo com o Informe Semanal das Arboviroses Urbanas, entre as semanas epidemiol\u00f3gicas 1 a 3 deste ano foram registrados 1.765 casos prov\u00e1veis de dengue. Em 2023, houve notifica\u00e7\u00e3o de 411 casos prov\u00e1veis. &nbsp;<\/p>\n\n\n\n<p>A partir dos decretos, os estados e o DF v\u00e3o poder acelerar os processos para a aquisi\u00e7\u00e3o de insumos e materiais para o tratamento m\u00e9dico dos pacientes e a contrata\u00e7\u00e3o de servi\u00e7os.<\/p>\n\n\n\n<h2 class=\"wp-block-heading\">Vacina contra a dengue<\/h2>\n\n\n\n<p>Aprovada pela ANVISA em 2023, a vacina da Dengue QDenga passa a ser mais um importante recurso na preven\u00e7\u00e3o dos casos de dengue no Brasil. O imunizante&nbsp;possui em sua composi\u00e7\u00e3o as quatro variantes do v\u00edrus causador da doen\u00e7a. &nbsp;No Brasil, a vacina\u00e7\u00e3o est\u00e1 prevista para iniciar em fevereiro para crian\u00e7as e adolescentes de 10 a 14 anos.<\/p>\n\n\n\n<p>Conforme o Minist\u00e9rio da Sa\u00fade, 521 munic\u00edpios de 16 estados e o Distrito Federal preenchem os requisitos para o in\u00edcio de vacina\u00e7\u00e3o. Ao todo, 5,2 milh\u00f5es de doses da vacina dever\u00e3o ser entregues ao longo de 2024. A pasta prev\u00ea que cerca de 3,2 milh\u00f5es de pessoas devem ser vacinadas neste ano.<\/p>\n\n\n\n<p><a href=\"https:\/\/brasil61.com\/n\/brasil-registra-12-mortes-por-dengue-em-tres-semanas-bras2410802\" target=\"_blank\" rel=\"noreferrer noopener\">Brasil registra 12 mortes por dengue em tr\u00eas semanas<\/a><\/p>\n\n\n\n<p><a href=\"https:\/\/brasil61.com\/n\/vacina-contra-a-dengue-municipios-de-goias-mato-grosso-do-sul-e-bahia-estao-entre-as-prioridades-do-governo-bras2410780\" target=\"_blank\" rel=\"noreferrer noopener\">Vacina contra a dengue: munic\u00edpios de Goi\u00e1s, Mato Grosso do Sul e Bahia est\u00e3o entre as prioridades do governo<\/a><\/p>\n\n\n\n<p><a href=\"whatsapp:\/\/send?text= https:\/\/brasil61.com\/n\/dengue-saiba-como-identificar-os-sintomas-e-prevenir-a-doenca-bras2410807\"><\/a><a href=\"http:\/\/www.facebook.com\/sharer.php?u=https:\/\/brasil61.com\/n\/dengue-saiba-como-identificar-os-sintomas-e-prevenir-a-doenca-bras2410807&amp;t=\" target=\"_blank\" rel=\"noreferrer noopener\"> <\/a><a href=\"https:\/\/twitter.com\/share?url=https:\/\/brasil61.com\/n\/dengue-saiba-como-identificar-os-sintomas-e-prevenir-a-doenca-bras2410807&amp;text=\" target=\"_blank\" rel=\"noreferrer noopener\"><\/a><a href=\"mailto:?Subject=Dengue: saiba como identificar os sintomas e prevenir a doen\u00e7a&amp;Body= https:\/\/brasil61.com\/n\/dengue-saiba-como-identificar-os-sintomas-e-prevenir-a-doenca-bras2410807\"><\/a><\/p>\n\n\n\n<p>Fonte: <a href=\"https:\/\/brasil61.com\/n\/dengue-saiba-como-identificar-os-sintomas-e-prevenir-a-doenca-bras2410807?email=fxmendes2012@gmail.com&amp;utm_source=newsletter&amp;utm_medium=newsletter&amp;utm_campaign=newsletter\" target=\"_blank\" rel=\"noreferrer noopener\">Brasil 61<\/a><\/p>\n<input type=\"hidden\" id=\"baseurl\" value=\"https:\/\/noticiasregionais.com.br\"><input type=\"hidden\" id=\"audio_nonce\" value=\"533fbb67b1\">","protected":false},"excerpt":{"rendered":"<p>V\u00edrus da dengue \u00e9 transmitido pela picada da f\u00eamea do mosquito Aedes aegypti Com o in\u00edcio do per\u00edodo das chuvas&hellip;<\/p>\n","protected":false},"author":1,"featured_media":1896,"comment_status":"closed","ping_status":"open","sticky":false,"template":"","format":"standard","meta":{"sfsi_plus_gutenberg_text_before_share":"","sfsi_plus_gutenberg_show_text_before_share":"","sfsi_plus_gutenberg_icon_type":"","sfsi_plus_gutenberg_icon_alignemt":"","sfsi_plus_gutenburg_max_per_row":"","footnotes":""},"categories":[8,10,1],"tags":[],"class_list":["post-1895","post","type-post","status-publish","format-standard","has-post-thumbnail","hentry","category-brasil","category-destaques","category-noticias"],"_links":{"self":[{"href":"https:\/\/noticiasregionais.com.br\/index.php?rest_route=\/wp\/v2\/posts\/1895","targetHints":{"allow":["GET"]}}],"collection":[{"href":"https:\/\/noticiasregionais.com.br\/index.php?rest_route=\/wp\/v2\/posts"}],"about":[{"href":"https:\/\/noticiasregionais.com.br\/index.php?rest_route=\/wp\/v2\/types\/post"}],"author":[{"embeddable":true,"href":"https:\/\/noticiasregionais.com.br\/index.php?rest_route=\/wp\/v2\/users\/1"}],"replies":[{"embeddable":true,"href":"https:\/\/noticiasregionais.com.br\/index.php?rest_route=%2Fwp%2Fv2%2Fcomments&post=1895"}],"version-history":[{"count":1,"href":"https:\/\/noticiasregionais.com.br\/index.php?rest_route=\/wp\/v2\/posts\/1895\/revisions"}],"predecessor-version":[{"id":1897,"href":"https:\/\/noticiasregionais.com.br\/index.php?rest_route=\/wp\/v2\/posts\/1895\/revisions\/1897"}],"wp:featuredmedia":[{"embeddable":true,"href":"https:\/\/noticiasregionais.com.br\/index.php?rest_route=\/wp\/v2\/media\/1896"}],"wp:attachment":[{"href":"https:\/\/noticiasregionais.com.br\/index.php?rest_route=%2Fwp%2Fv2%2Fmedia&parent=1895"}],"wp:term":[{"taxonomy":"category","embeddable":true,"href":"https:\/\/noticiasregionais.com.br\/index.php?rest_route=%2Fwp%2Fv2%2Fcategories&post=1895"},{"taxonomy":"post_tag","embeddable":true,"href":"https:\/\/noticiasregionais.com.br\/index.php?rest_route=%2Fwp%2Fv2%2Ftags&post=1895"}],"curies":[{"name":"wp","href":"https:\/\/api.w.org\/{rel}","templated":true}]}}