{"id":1898,"date":"2024-01-29T20:25:25","date_gmt":"2024-01-29T23:25:25","guid":{"rendered":"https:\/\/noticiasregionais.com.br\/?p=1898"},"modified":"2024-01-29T20:43:46","modified_gmt":"2024-01-29T23:43:46","slug":"com-acoes-intensificadas-ourinhos-registra-apenas-13-casos-de-dengue-neste-inicio-de-ano","status":"publish","type":"post","link":"https:\/\/noticiasregionais.com.br\/?p=1898","title":{"rendered":"Com a\u00e7\u00f5es intensificadas, Ourinhos registra apenas 13 casos de dengue neste in\u00edcio de ano"},"content":{"rendered":"\n<p>A Prefeitura de Ourinhos, por meio do setor de Vigil\u00e2ncia Epidemiol\u00f3gica da Secretaria Municipal de Sa\u00fade, tem intensificado o trabalho de fiscaliza\u00e7\u00e3o e a\u00e7\u00f5es de combate a dengue. Com isso, o munic\u00edpio registrou neste in\u00edcio de ano apenas 13 casos positivos de dengue.<\/p>\n\n\n\n<p>Diante dos n\u00fameros, \u00e9 importante a popula\u00e7\u00e3o refor\u00e7ar as medidas de combate aos criadouros do mosquito Aedes aegypti como: n\u00e3o deixar \u00e1gua parada, manter recipientes bem tampados, evitar ac\u00famulos de objetos nos quintais, lavar suportes com \u00e1gua e sab\u00e3o, manter a \u00e1gua da piscina sempre tratada, verificar a situa\u00e7\u00e3o das calhas e lajes e evitar o descarte irregular de lixo em terrenos.<\/p>\n\n\n\n<p>Os principais sintomas da dengue s\u00e3o: Febre acima de 38\u00b0C, dor no corpo, de cabe\u00e7a, atr\u00e1s dos olhos e nas articula\u00e7\u00f5es, mal estar, falta de apetite e manchas vermelhas pelo corpo, podendo se agravar e causar hemorragia. Procure uma unidade de sa\u00fade caso n\u00e3o esteja se sentindo bem.<\/p>\n<input type=\"hidden\" id=\"baseurl\" value=\"https:\/\/noticiasregionais.com.br\"><input type=\"hidden\" id=\"audio_nonce\" value=\"533fbb67b1\">","protected":false},"excerpt":{"rendered":"<p>A Prefeitura de Ourinhos, por meio do setor de Vigil\u00e2ncia Epidemiol\u00f3gica da Secretaria Municipal de Sa\u00fade, tem intensificado o trabalho&hellip;<\/p>\n","protected":false},"author":1,"featured_media":1899,"comment_status":"closed","ping_status":"open","sticky":false,"template":"","format":"standard","meta":{"sfsi_plus_gutenberg_text_before_share":"","sfsi_plus_gutenberg_show_text_before_share":"","sfsi_plus_gutenberg_icon_type":"","sfsi_plus_gutenberg_icon_alignemt":"","sfsi_plus_gutenburg_max_per_row":"","footnotes":""},"categories":[5,10,1],"tags":[],"class_list":["post-1898","post","type-post","status-publish","format-standard","has-post-thumbnail","hentry","category-ourinhos","category-destaques","category-noticias"],"_links":{"self":[{"href":"https:\/\/noticiasregionais.com.br\/index.php?rest_route=\/wp\/v2\/posts\/1898","targetHints":{"allow":["GET"]}}],"collection":[{"href":"https:\/\/noticiasregionais.com.br\/index.php?rest_route=\/wp\/v2\/posts"}],"about":[{"href":"https:\/\/noticiasregionais.com.br\/index.php?rest_route=\/wp\/v2\/types\/post"}],"author":[{"embeddable":true,"href":"https:\/\/noticiasregionais.com.br\/index.php?rest_route=\/wp\/v2\/users\/1"}],"replies":[{"embeddable":true,"href":"https:\/\/noticiasregionais.com.br\/index.php?rest_route=%2Fwp%2Fv2%2Fcomments&post=1898"}],"version-history":[{"count":1,"href":"https:\/\/noticiasregionais.com.br\/index.php?rest_route=\/wp\/v2\/posts\/1898\/revisions"}],"predecessor-version":[{"id":1900,"href":"https:\/\/noticiasregionais.com.br\/index.php?rest_route=\/wp\/v2\/posts\/1898\/revisions\/1900"}],"wp:featuredmedia":[{"embeddable":true,"href":"https:\/\/noticiasregionais.com.br\/index.php?rest_route=\/wp\/v2\/media\/1899"}],"wp:attachment":[{"href":"https:\/\/noticiasregionais.com.br\/index.php?rest_route=%2Fwp%2Fv2%2Fmedia&parent=1898"}],"wp:term":[{"taxonomy":"category","embeddable":true,"href":"https:\/\/noticiasregionais.com.br\/index.php?rest_route=%2Fwp%2Fv2%2Fcategories&post=1898"},{"taxonomy":"post_tag","embeddable":true,"href":"https:\/\/noticiasregionais.com.br\/index.php?rest_route=%2Fwp%2Fv2%2Ftags&post=1898"}],"curies":[{"name":"wp","href":"https:\/\/api.w.org\/{rel}","templated":true}]}}