{"id":1904,"date":"2024-01-29T20:43:02","date_gmt":"2024-01-29T23:43:02","guid":{"rendered":"https:\/\/noticiasregionais.com.br\/?p=1904"},"modified":"2024-01-29T20:43:15","modified_gmt":"2024-01-29T23:43:15","slug":"acao-policial-em-palmital-sp-intercepta-mercadorias-irregulares-e-prende-individuo-por-descaminho","status":"publish","type":"post","link":"https:\/\/noticiasregionais.com.br\/?p=1904","title":{"rendered":"A\u00e7\u00e3o Policial em Palmital\/SP Intercepta Mercadorias Irregulares e Prende Indiv\u00edduo por Descaminho"},"content":{"rendered":"\n<p class=\"has-text-align-center\"><strong>Opera\u00e7\u00e3o Impacto do 2\u00b0 BPRv Apreende Eletr\u00f4nicos e Outros Itens em Rodovia Raposo Tavares<\/strong><\/p>\n\n\n\n<p>Uma opera\u00e7\u00e3o realizada por policiais militares do 2\u00b0 Batalh\u00e3o de Pol\u00edcia Rodovi\u00e1ria (BPRv) resultou na pris\u00e3o de um indiv\u00edduo por descaminho na manh\u00e3 de Domingo, em um trecho da Rodovia Raposo Tavares, pr\u00f3ximo a Palmital, S\u00e3o Paulo.<\/p>\n\n\n\n<p>A a\u00e7\u00e3o ocorreu por volta das 09:20h, durante a Opera\u00e7\u00e3o Impacto, no km 413,800 da SP-270. Os policiais abordaram um ve\u00edculo Fiat\/Palio cuja condutora despertou suspeitas. Durante a vistoria, uma quantidade significativa de mercadorias, aparentemente sem a devida regulariza\u00e7\u00e3o aduaneira, foi encontrada no porta-malas e banco traseiro do carro.<\/p>\n\n\n\n<p>Entre os itens apreendidos est\u00e3o eletr\u00f4nicos de alta demanda no mercado, como 7 celulares OPPO A78, 4 celulares REDMI12, al\u00e9m de dispositivos de som e inform\u00e1tica, como 1 Alexa Echo Spot, 10 Alexa Echo Pop, 3 caixas amplificadoras Nakamichi NBF618S e 1 laptop HP. A lista inclui ainda produtos variados como perfumes da marca Banana Republic, um litro de Whisky John Dewar e Sons, shampoos Joico K-PAK e 26 alto-falantes Club 3222F.<\/p>\n\n\n\n<p>A condutora do ve\u00edculo foi presa em flagrante e conduzida \u00e0 Delegacia da Pol\u00edcia Federal de Mar\u00edlia\/SP, onde a ocorr\u00eancia foi registrada. Ap\u00f3s o pagamento de fian\u00e7a, a mesma foi liberada, ficando \u00e0 disposi\u00e7\u00e3o da justi\u00e7a para as devidas provid\u00eancias legais.<\/p>\n\n\n\n<p>Este caso chama a aten\u00e7\u00e3o para a cont\u00ednua necessidade de vigil\u00e2ncia nas rodovias do estado, principalmente no combate ao descaminho \u2013 pr\u00e1tica que envolve a entrada ou sa\u00edda de mercadorias do pa\u00eds, burlando os tr\u00e2mites legais, como pagamento de impostos e taxas.<\/p>\n\n\n\n<p>A Pol\u00edcia Militar de S\u00e3o Paulo, que caminha rumo aos 200 anos de hist\u00f3ria, reitera seu compromisso com a seguran\u00e7a p\u00fablica e a integridade da ordem no Estado, sob o lema &#8220;Vamos todos juntos. Ningu\u00e9m fica para tr\u00e1s&#8221;.<\/p>\n<input type=\"hidden\" id=\"baseurl\" value=\"https:\/\/noticiasregionais.com.br\"><input type=\"hidden\" id=\"audio_nonce\" value=\"3cdc555a10\">","protected":false},"excerpt":{"rendered":"<p>Opera\u00e7\u00e3o Impacto do 2\u00b0 BPRv Apreende Eletr\u00f4nicos e Outros Itens em Rodovia Raposo Tavares Uma opera\u00e7\u00e3o realizada por policiais militares&hellip;<\/p>\n","protected":false},"author":1,"featured_media":1905,"comment_status":"closed","ping_status":"open","sticky":false,"template":"","format":"standard","meta":{"sfsi_plus_gutenberg_text_before_share":"","sfsi_plus_gutenberg_show_text_before_share":"","sfsi_plus_gutenberg_icon_type":"","sfsi_plus_gutenberg_icon_alignemt":"","sfsi_plus_gutenburg_max_per_row":"","footnotes":""},"categories":[6,12,1],"tags":[],"class_list":["post-1904","post","type-post","status-publish","format-standard","has-post-thumbnail","hentry","category-sao_paulo","category-capa","category-noticias"],"_links":{"self":[{"href":"https:\/\/noticiasregionais.com.br\/index.php?rest_route=\/wp\/v2\/posts\/1904","targetHints":{"allow":["GET"]}}],"collection":[{"href":"https:\/\/noticiasregionais.com.br\/index.php?rest_route=\/wp\/v2\/posts"}],"about":[{"href":"https:\/\/noticiasregionais.com.br\/index.php?rest_route=\/wp\/v2\/types\/post"}],"author":[{"embeddable":true,"href":"https:\/\/noticiasregionais.com.br\/index.php?rest_route=\/wp\/v2\/users\/1"}],"replies":[{"embeddable":true,"href":"https:\/\/noticiasregionais.com.br\/index.php?rest_route=%2Fwp%2Fv2%2Fcomments&post=1904"}],"version-history":[{"count":1,"href":"https:\/\/noticiasregionais.com.br\/index.php?rest_route=\/wp\/v2\/posts\/1904\/revisions"}],"predecessor-version":[{"id":1906,"href":"https:\/\/noticiasregionais.com.br\/index.php?rest_route=\/wp\/v2\/posts\/1904\/revisions\/1906"}],"wp:featuredmedia":[{"embeddable":true,"href":"https:\/\/noticiasregionais.com.br\/index.php?rest_route=\/wp\/v2\/media\/1905"}],"wp:attachment":[{"href":"https:\/\/noticiasregionais.com.br\/index.php?rest_route=%2Fwp%2Fv2%2Fmedia&parent=1904"}],"wp:term":[{"taxonomy":"category","embeddable":true,"href":"https:\/\/noticiasregionais.com.br\/index.php?rest_route=%2Fwp%2Fv2%2Fcategories&post=1904"},{"taxonomy":"post_tag","embeddable":true,"href":"https:\/\/noticiasregionais.com.br\/index.php?rest_route=%2Fwp%2Fv2%2Ftags&post=1904"}],"curies":[{"name":"wp","href":"https:\/\/api.w.org\/{rel}","templated":true}]}}