{"id":1910,"date":"2024-01-31T08:29:43","date_gmt":"2024-01-31T11:29:43","guid":{"rendered":"https:\/\/noticiasregionais.com.br\/?p=1910"},"modified":"2024-01-31T09:06:58","modified_gmt":"2024-01-31T12:06:58","slug":"policiais-militares-e-civis-prendem-traficantes-em-santo-antonio-da-platina","status":"publish","type":"post","link":"https:\/\/noticiasregionais.com.br\/?p=1910","title":{"rendered":"Policiais militares e civis prendem traficantes em Santo Ant\u00f4nio da Platina"},"content":{"rendered":"\n<p>Santo Ant\u00f4nio da Platina, 31 de janeiro de 2024 &#8211; A Pol\u00edcia Militar e a Pol\u00edcia Civil de Santo Ant\u00f4nio da Platina realizaram uma opera\u00e7\u00e3o conjunta na tarde desta ter\u00e7a-feira (29), no bairro Vila Ribeiro, para dar cumprimento a um mandado de busca e apreens\u00e3o expedido pela Justi\u00e7a.<\/p>\n\n\n\n<p>No local, os policiais se depararam com um homem e uma mulher, que receberam voz de pris\u00e3o por tr\u00e1fico de drogas. Na resid\u00eancia, foram localizadas 39 por\u00e7\u00f5es de coca\u00edna, 3 por\u00e7\u00f5es de maconha, 3 celulares e R$252,00 provenientes do com\u00e9rcio dos entorpecentes.<\/p>\n\n\n\n<p>Os indiv\u00edduos foram conduzidos \u00e0 Delegacia de Pol\u00edcia juntamente com os entorpecentes e objetos apreendidos.<\/p>\n\n\n\n<p>A opera\u00e7\u00e3o contou com a participa\u00e7\u00e3o de equipes da Pol\u00edcia Militar e da Pol\u00edcia Civil, incluindo a Rotam, o Canil e o Servi\u00e7o de Intelig\u00eancia.<\/p>\n\n\n\n<p>A pris\u00e3o dos traficantes representa um importante ganho para a seguran\u00e7a p\u00fablica de Santo Ant\u00f4nio da Platina, pois contribui para a redu\u00e7\u00e3o da circula\u00e7\u00e3o de drogas na cidade.<\/p>\n\n\n\n<figure class=\"wp-block-image size-large\"><img decoding=\"async\" width=\"1024\" height=\"891\" src=\"https:\/\/noticiasregionais.com.br\/wp-content\/uploads\/2024\/01\/WhatsApp-Image-2024-01-30-at-09.52.58-1-1024x891.jpeg\" alt=\"\" class=\"wp-image-1911\" srcset=\"https:\/\/noticiasregionais.com.br\/wp-content\/uploads\/2024\/01\/WhatsApp-Image-2024-01-30-at-09.52.58-1-1024x891.jpeg 1024w, https:\/\/noticiasregionais.com.br\/wp-content\/uploads\/2024\/01\/WhatsApp-Image-2024-01-30-at-09.52.58-1-300x261.jpeg 300w, https:\/\/noticiasregionais.com.br\/wp-content\/uploads\/2024\/01\/WhatsApp-Image-2024-01-30-at-09.52.58-1-768x668.jpeg 768w, https:\/\/noticiasregionais.com.br\/wp-content\/uploads\/2024\/01\/WhatsApp-Image-2024-01-30-at-09.52.58-1.jpeg 1280w\" sizes=\"(max-width: 1024px) 100vw, 1024px\" \/><\/figure>\n<input type=\"hidden\" id=\"baseurl\" value=\"https:\/\/noticiasregionais.com.br\"><input type=\"hidden\" id=\"audio_nonce\" value=\"533fbb67b1\">","protected":false},"excerpt":{"rendered":"<p>Santo Ant\u00f4nio da Platina, 31 de janeiro de 2024 &#8211; A Pol\u00edcia Militar e a Pol\u00edcia Civil de Santo Ant\u00f4nio&hellip;<\/p>\n","protected":false},"author":1,"featured_media":1912,"comment_status":"closed","ping_status":"open","sticky":false,"template":"","format":"standard","meta":{"sfsi_plus_gutenberg_text_before_share":"","sfsi_plus_gutenberg_show_text_before_share":"","sfsi_plus_gutenberg_icon_type":"","sfsi_plus_gutenberg_icon_alignemt":"","sfsi_plus_gutenburg_max_per_row":"","footnotes":""},"categories":[7,10,1],"tags":[],"class_list":["post-1910","post","type-post","status-publish","format-standard","has-post-thumbnail","hentry","category-parana","category-destaques","category-noticias"],"_links":{"self":[{"href":"https:\/\/noticiasregionais.com.br\/index.php?rest_route=\/wp\/v2\/posts\/1910","targetHints":{"allow":["GET"]}}],"collection":[{"href":"https:\/\/noticiasregionais.com.br\/index.php?rest_route=\/wp\/v2\/posts"}],"about":[{"href":"https:\/\/noticiasregionais.com.br\/index.php?rest_route=\/wp\/v2\/types\/post"}],"author":[{"embeddable":true,"href":"https:\/\/noticiasregionais.com.br\/index.php?rest_route=\/wp\/v2\/users\/1"}],"replies":[{"embeddable":true,"href":"https:\/\/noticiasregionais.com.br\/index.php?rest_route=%2Fwp%2Fv2%2Fcomments&post=1910"}],"version-history":[{"count":1,"href":"https:\/\/noticiasregionais.com.br\/index.php?rest_route=\/wp\/v2\/posts\/1910\/revisions"}],"predecessor-version":[{"id":1913,"href":"https:\/\/noticiasregionais.com.br\/index.php?rest_route=\/wp\/v2\/posts\/1910\/revisions\/1913"}],"wp:featuredmedia":[{"embeddable":true,"href":"https:\/\/noticiasregionais.com.br\/index.php?rest_route=\/wp\/v2\/media\/1912"}],"wp:attachment":[{"href":"https:\/\/noticiasregionais.com.br\/index.php?rest_route=%2Fwp%2Fv2%2Fmedia&parent=1910"}],"wp:term":[{"taxonomy":"category","embeddable":true,"href":"https:\/\/noticiasregionais.com.br\/index.php?rest_route=%2Fwp%2Fv2%2Fcategories&post=1910"},{"taxonomy":"post_tag","embeddable":true,"href":"https:\/\/noticiasregionais.com.br\/index.php?rest_route=%2Fwp%2Fv2%2Ftags&post=1910"}],"curies":[{"name":"wp","href":"https:\/\/api.w.org\/{rel}","templated":true}]}}