{"id":1920,"date":"2024-01-31T08:47:08","date_gmt":"2024-01-31T11:47:08","guid":{"rendered":"https:\/\/noticiasregionais.com.br\/?p=1920"},"modified":"2024-01-31T08:47:19","modified_gmt":"2024-01-31T11:47:19","slug":"fundo-social-e-secretaria-da-mulher-lancam-a-campanha-nao-e-nao-no-carnaval-2024","status":"publish","type":"post","link":"https:\/\/noticiasregionais.com.br\/?p=1920","title":{"rendered":"Fundo Social e Secretaria da Mulher lan\u00e7am a Campanha \u201cN\u00e3o \u00e9 N\u00e3o\u201d no Carnaval 2024"},"content":{"rendered":"\n<p class=\"has-text-align-center\"><strong>O intuito \u00e9 conscientizar que tudo o que vir depois do \u201cN\u00e3o\u201d \u00e9 considerado ass\u00e9dio<\/strong><\/p>\n\n\n\n<p>Em parceria com a Secretaria da Mulher e da fam\u00edlia, o Fundo Social de Solidariedade lan\u00e7ou a Campanha \u201cN\u00e3o \u00e9 N\u00e3o\u201d que pretende combater o ass\u00e9dio contra as foli\u00e3s durante o Carnaval 2024.<\/p>\n\n\n\n<p>O aumento no n\u00famero de den\u00fancias e de boletins de ocorr\u00eancia no per\u00edodo carnavalesco mostra que nem sempre a mulher est\u00e1 aberta a flertes e paqueras que passam dos limites. Pux\u00f5es de cabelo, beijos dados a for\u00e7a, passadas de m\u00e3o e tudo aquilo que for feito ap\u00f3s o \u201cN\u00e3o\u201d \u00e9 considerado ass\u00e9dio e pass\u00edvel de den\u00fancia.<\/p>\n\n\n\n<p>As mulheres que de alguma forma se sentirem lesadas podem e devem procurar pela Pol\u00edcia Militar e tamb\u00e9m pela Guarda Civil Municipal.<\/p>\n<input type=\"hidden\" id=\"baseurl\" value=\"https:\/\/noticiasregionais.com.br\"><input type=\"hidden\" id=\"audio_nonce\" value=\"533fbb67b1\">","protected":false},"excerpt":{"rendered":"<p>O intuito \u00e9 conscientizar que tudo o que vir depois do \u201cN\u00e3o\u201d \u00e9 considerado ass\u00e9dio Em parceria com a Secretaria&hellip;<\/p>\n","protected":false},"author":1,"featured_media":1921,"comment_status":"closed","ping_status":"open","sticky":false,"template":"","format":"standard","meta":{"sfsi_plus_gutenberg_text_before_share":"","sfsi_plus_gutenberg_show_text_before_share":"","sfsi_plus_gutenberg_icon_type":"","sfsi_plus_gutenberg_icon_alignemt":"","sfsi_plus_gutenburg_max_per_row":"","footnotes":""},"categories":[5,10,1],"tags":[],"class_list":["post-1920","post","type-post","status-publish","format-standard","has-post-thumbnail","hentry","category-ourinhos","category-destaques","category-noticias"],"_links":{"self":[{"href":"https:\/\/noticiasregionais.com.br\/index.php?rest_route=\/wp\/v2\/posts\/1920","targetHints":{"allow":["GET"]}}],"collection":[{"href":"https:\/\/noticiasregionais.com.br\/index.php?rest_route=\/wp\/v2\/posts"}],"about":[{"href":"https:\/\/noticiasregionais.com.br\/index.php?rest_route=\/wp\/v2\/types\/post"}],"author":[{"embeddable":true,"href":"https:\/\/noticiasregionais.com.br\/index.php?rest_route=\/wp\/v2\/users\/1"}],"replies":[{"embeddable":true,"href":"https:\/\/noticiasregionais.com.br\/index.php?rest_route=%2Fwp%2Fv2%2Fcomments&post=1920"}],"version-history":[{"count":1,"href":"https:\/\/noticiasregionais.com.br\/index.php?rest_route=\/wp\/v2\/posts\/1920\/revisions"}],"predecessor-version":[{"id":1922,"href":"https:\/\/noticiasregionais.com.br\/index.php?rest_route=\/wp\/v2\/posts\/1920\/revisions\/1922"}],"wp:featuredmedia":[{"embeddable":true,"href":"https:\/\/noticiasregionais.com.br\/index.php?rest_route=\/wp\/v2\/media\/1921"}],"wp:attachment":[{"href":"https:\/\/noticiasregionais.com.br\/index.php?rest_route=%2Fwp%2Fv2%2Fmedia&parent=1920"}],"wp:term":[{"taxonomy":"category","embeddable":true,"href":"https:\/\/noticiasregionais.com.br\/index.php?rest_route=%2Fwp%2Fv2%2Fcategories&post=1920"},{"taxonomy":"post_tag","embeddable":true,"href":"https:\/\/noticiasregionais.com.br\/index.php?rest_route=%2Fwp%2Fv2%2Ftags&post=1920"}],"curies":[{"name":"wp","href":"https:\/\/api.w.org\/{rel}","templated":true}]}}