{"id":1926,"date":"2024-02-01T07:37:01","date_gmt":"2024-02-01T10:37:01","guid":{"rendered":"https:\/\/noticiasregionais.com.br\/?p=1926"},"modified":"2024-02-02T09:15:48","modified_gmt":"2024-02-02T12:15:48","slug":"previsao-do-tempo-quinta-feira-1-chuvosa-no-estado-de-sao-paulo","status":"publish","type":"post","link":"https:\/\/noticiasregionais.com.br\/?p=1926","title":{"rendered":"PREVIS\u00c3O DO TEMPO: quinta-feira (1\u00b0) chuvosa no estado de S\u00e3o Paulo"},"content":{"rendered":"\n<p class=\"has-text-align-center\"><strong>A temperatura pode variar entre 16\u00baC e 37\u00baC<\/strong><\/p>\n\n\n\n<p>Nesta quinta-feira (1\u00b0), o dia amanhece com c\u00e9u encoberto em S\u00e3o Paulo e chuva isolada no Vale do Para\u00edba Paulista, Metropolitana de S\u00e3o Paulo, Litoral Sul Paulista, Macro Metropolitana Paulista, Campinas e Ribeir\u00e3o Preto.&nbsp;<\/p>\n\n\n\n<p>Durante a tarde e \u00e0 noite, as chuvas ficam intensas&nbsp;atingem todo estado e s\u00e3o acompanhadas de trovoadas no Vale do Para\u00edba Paulista, Metropolitana de S\u00e3o Paulo, Litoral Sul Paulista.<\/p>\n\n\n\n<p>O Instituto Nacional de Meteorologia (Inmet) emitiu um alerta para perigo potencial de chuvas fortes e ventos intensos em todo estado, atingindo munic\u00edpios como Ourinhos, Rio Claro e Tabo\u00e3o da Serra.<\/p>\n\n\n\n<p>A temperatura m\u00ednima fica em torno de 16\u00b0C, em Areias, e a m\u00e1xima prevista \u00e9 de 37\u00baC, em Castilho. A umidade relativa do ar varia entre 70% e 95%.<\/p>\n\n\n\n<p>As informa\u00e7\u00f5es s\u00e3o do Instituto Nacional de Meteorologia.<br><br>&nbsp;<\/p>\n\n\n\n<p><a href=\"whatsapp:\/\/send?text= https:\/\/brasil61.com\/n\/previsao-do-tempo-quinta-feira-1-chuvosa-no-estado-de-sao-paulo-ptsd243259\"><\/a><a href=\"http:\/\/www.facebook.com\/sharer.php?u=https:\/\/brasil61.com\/n\/previsao-do-tempo-quinta-feira-1-chuvosa-no-estado-de-sao-paulo-ptsd243259&amp;t=\" target=\"_blank\" rel=\"noreferrer noopener\"> <\/a><a href=\"https:\/\/twitter.com\/share?url=https:\/\/brasil61.com\/n\/previsao-do-tempo-quinta-feira-1-chuvosa-no-estado-de-sao-paulo-ptsd243259&amp;text=\" target=\"_blank\" rel=\"noreferrer noopener\"><\/a><a href=\"mailto:?Subject=PREVIS\u00c3O DO TEMPO: quinta-feira (1\u00b0) chuvosa no estado de S\u00e3o Paulo&amp;Body= https:\/\/brasil61.com\/n\/previsao-do-tempo-quinta-feira-1-chuvosa-no-estado-de-sao-paulo-ptsd243259\"><\/a><\/p>\n\n\n\n<p>Fonte: <a href=\"https:\/\/brasil61.com\/n\/previsao-do-tempo-quinta-feira-1-chuvosa-no-estado-de-sao-paulo-ptsd243259?email=fxmendes2012@gmail.com&amp;utm_source=email_individual&amp;utm_medium=email_individual&amp;utm_campaign=email_individual\" target=\"_blank\" rel=\"noreferrer noopener\">Brasil 61<\/a><\/p>\n<input type=\"hidden\" id=\"baseurl\" value=\"https:\/\/noticiasregionais.com.br\"><input type=\"hidden\" id=\"audio_nonce\" value=\"533fbb67b1\">","protected":false},"excerpt":{"rendered":"<p>A temperatura pode variar entre 16\u00baC e 37\u00baC Nesta quinta-feira (1\u00b0), o dia amanhece com c\u00e9u encoberto em S\u00e3o Paulo&hellip;<\/p>\n","protected":false},"author":1,"featured_media":1927,"comment_status":"closed","ping_status":"open","sticky":false,"template":"","format":"standard","meta":{"sfsi_plus_gutenberg_text_before_share":"","sfsi_plus_gutenberg_show_text_before_share":"","sfsi_plus_gutenberg_icon_type":"","sfsi_plus_gutenberg_icon_alignemt":"","sfsi_plus_gutenburg_max_per_row":"","footnotes":""},"categories":[6,1],"tags":[],"class_list":["post-1926","post","type-post","status-publish","format-standard","has-post-thumbnail","hentry","category-sao_paulo","category-noticias"],"_links":{"self":[{"href":"https:\/\/noticiasregionais.com.br\/index.php?rest_route=\/wp\/v2\/posts\/1926","targetHints":{"allow":["GET"]}}],"collection":[{"href":"https:\/\/noticiasregionais.com.br\/index.php?rest_route=\/wp\/v2\/posts"}],"about":[{"href":"https:\/\/noticiasregionais.com.br\/index.php?rest_route=\/wp\/v2\/types\/post"}],"author":[{"embeddable":true,"href":"https:\/\/noticiasregionais.com.br\/index.php?rest_route=\/wp\/v2\/users\/1"}],"replies":[{"embeddable":true,"href":"https:\/\/noticiasregionais.com.br\/index.php?rest_route=%2Fwp%2Fv2%2Fcomments&post=1926"}],"version-history":[{"count":1,"href":"https:\/\/noticiasregionais.com.br\/index.php?rest_route=\/wp\/v2\/posts\/1926\/revisions"}],"predecessor-version":[{"id":1928,"href":"https:\/\/noticiasregionais.com.br\/index.php?rest_route=\/wp\/v2\/posts\/1926\/revisions\/1928"}],"wp:featuredmedia":[{"embeddable":true,"href":"https:\/\/noticiasregionais.com.br\/index.php?rest_route=\/wp\/v2\/media\/1927"}],"wp:attachment":[{"href":"https:\/\/noticiasregionais.com.br\/index.php?rest_route=%2Fwp%2Fv2%2Fmedia&parent=1926"}],"wp:term":[{"taxonomy":"category","embeddable":true,"href":"https:\/\/noticiasregionais.com.br\/index.php?rest_route=%2Fwp%2Fv2%2Fcategories&post=1926"},{"taxonomy":"post_tag","embeddable":true,"href":"https:\/\/noticiasregionais.com.br\/index.php?rest_route=%2Fwp%2Fv2%2Ftags&post=1926"}],"curies":[{"name":"wp","href":"https:\/\/api.w.org\/{rel}","templated":true}]}}