{"id":1929,"date":"2024-02-02T09:05:26","date_gmt":"2024-02-02T12:05:26","guid":{"rendered":"https:\/\/noticiasregionais.com.br\/?p=1929"},"modified":"2024-02-02T09:05:28","modified_gmt":"2024-02-02T12:05:28","slug":"sisu-2024-matricula-de-selecionados-comeca-nesta-sexta-feira","status":"publish","type":"post","link":"https:\/\/noticiasregionais.com.br\/?p=1929","title":{"rendered":"Sisu 2024: matr\u00edcula de selecionados come\u00e7a nesta sexta-feira"},"content":{"rendered":"\n<p class=\"has-text-align-center\"><strong>Estudantes tem at\u00e9 o dia 7 para se inscrever na institui\u00e7\u00e3o<\/strong><\/p>\n\n\n\n<p>Come\u00e7a nesta sexta-feira (2) o prazo de matr\u00edcula dos selecionados na primeira chamada do processo seletivo de 2024 do Sistema de Sele\u00e7\u00e3o Unificada (Sisu). O resultado foi publicado definitivamente na quarta-feira (31) ap\u00f3s atrasos decorrentes de problemas t\u00e9cnicos.<img decoding=\"async\" src=\"https:\/\/agenciabrasil.ebc.com.br\/ebc.png?id=1579032&amp;o=node\"><img decoding=\"async\" src=\"https:\/\/agenciabrasil.ebc.com.br\/ebc.gif?id=1579032&amp;o=node\"><\/p>\n\n\n\n<p>A matr\u00edcula ou o registro acad\u00eamico devem ser feitos at\u00e9 o dia 7 de fevereiro na institui\u00e7\u00e3o em que os selecionados foram admitidos.<\/p>\n\n\n\n<p>O Minist\u00e9rio da Educa\u00e7\u00e3o (MEC) alerta que cabe ao candidato \u201cobservar as condi\u00e7\u00f5es, os procedimentos e os documentos para a matr\u00edcula, bem como se atentar para os dias, hor\u00e1rios e locais de atendimento definidos por cada institui\u00e7\u00e3o, em edital pr\u00f3prio.\u201d<\/p>\n\n\n\n<p>O Sisu 2024 teve \u00fanica etapa de inscri\u00e7\u00e3o para todo ano e ofertou 264.181 vagas, em 6.827 cursos de gradua\u00e7\u00e3o, de 127 institui\u00e7\u00f5es p\u00fablicas de ensino superior de todo o Brasil. A sele\u00e7\u00e3o do candidato assegura apenas a expectativa de direito a vaga para a qual se inscreveu, explica o MEC. Al\u00e9m disso, a matr\u00edcula ou seu registro acad\u00eamico est\u00e3o condicionados a comprova\u00e7\u00e3o, junto a institui\u00e7\u00e3o para a qual foi selecionado.<\/p>\n\n\n\n<p>A universidade ou faculdade deve oferecer acesso gratuito \u00e0 internet para a inscri\u00e7\u00e3o, nos dias e hor\u00e1rios de funcionamento regular da institui\u00e7\u00e3o, n\u00e3o podendo ser cobradas quaisquer taxas relativas ao processo seletivo.<\/p>\n\n\n\n<h2 class=\"wp-block-heading\">Lista de espera<\/h2>\n\n\n\n<p>Quem n\u00e3o for selecionado nesta etapa, pode manifestar interesse pela lista de espera por vagas vindas da desist\u00eancia dos selecionados na primeira chamada, at\u00e9 o dia 7 de fevereiro.<\/p>\n\n\n\n<p>A participa\u00e7\u00e3o na lista de espera deve ser feita por meio da p\u00e1gina do Sisu no&nbsp;<a href=\"https:\/\/acessounico.mec.gov.br\/sisu\" target=\"_blank\" rel=\"noreferrer noopener\">portal Acesso \u00danico<\/a>.<\/p>\n\n\n\n<p>\u201cA lista de espera poder\u00e1 ser utilizada durante todo o ano de 2024 pelas institui\u00e7\u00f5es p\u00fablicas de educa\u00e7\u00e3o superior participantes, para preenchimento das vagas eventualmente n\u00e3o ocupadas na chamada regular\u201d, detalha o minist\u00e9rio.<\/p>\n\n\n\n<p>De acordo com o cronograma do Sisu 2024, a convoca\u00e7\u00e3o dos candidatos em lista de espera pelas institui\u00e7\u00f5es de ensino superior ocorrer\u00e1 em 16 de fevereiro.<\/p>\n\n\n\n<h2 class=\"wp-block-heading\">Sisu<\/h2>\n\n\n\n<p>Desde 2010, o sistema informatizado gerenciado pelo MEC re\u00fane as vagas de gradua\u00e7\u00e3o ofertadas por institui\u00e7\u00f5es p\u00fablicas de ensino superior de todo o Brasil que participam do processo seletivo vigente, sendo a maioria delas oferecida por institui\u00e7\u00f5es federais (universidades e institutos).<\/p>\n\n\n\n<p><strong><sub>fonte: Ag\u00eancia Brasil &#8211; EBC<\/sub><\/strong><\/p>\n<input type=\"hidden\" id=\"baseurl\" value=\"https:\/\/noticiasregionais.com.br\"><input type=\"hidden\" id=\"audio_nonce\" value=\"3cdc555a10\">","protected":false},"excerpt":{"rendered":"<p>Estudantes tem at\u00e9 o dia 7 para se inscrever na institui\u00e7\u00e3o Come\u00e7a nesta sexta-feira (2) o prazo de matr\u00edcula dos&hellip;<\/p>\n","protected":false},"author":1,"featured_media":1930,"comment_status":"closed","ping_status":"open","sticky":false,"template":"","format":"standard","meta":{"sfsi_plus_gutenberg_text_before_share":"","sfsi_plus_gutenberg_show_text_before_share":"","sfsi_plus_gutenberg_icon_type":"","sfsi_plus_gutenberg_icon_alignemt":"","sfsi_plus_gutenburg_max_per_row":"","footnotes":""},"categories":[8,10,1],"tags":[],"class_list":["post-1929","post","type-post","status-publish","format-standard","has-post-thumbnail","hentry","category-brasil","category-destaques","category-noticias"],"_links":{"self":[{"href":"https:\/\/noticiasregionais.com.br\/index.php?rest_route=\/wp\/v2\/posts\/1929","targetHints":{"allow":["GET"]}}],"collection":[{"href":"https:\/\/noticiasregionais.com.br\/index.php?rest_route=\/wp\/v2\/posts"}],"about":[{"href":"https:\/\/noticiasregionais.com.br\/index.php?rest_route=\/wp\/v2\/types\/post"}],"author":[{"embeddable":true,"href":"https:\/\/noticiasregionais.com.br\/index.php?rest_route=\/wp\/v2\/users\/1"}],"replies":[{"embeddable":true,"href":"https:\/\/noticiasregionais.com.br\/index.php?rest_route=%2Fwp%2Fv2%2Fcomments&post=1929"}],"version-history":[{"count":1,"href":"https:\/\/noticiasregionais.com.br\/index.php?rest_route=\/wp\/v2\/posts\/1929\/revisions"}],"predecessor-version":[{"id":1931,"href":"https:\/\/noticiasregionais.com.br\/index.php?rest_route=\/wp\/v2\/posts\/1929\/revisions\/1931"}],"wp:featuredmedia":[{"embeddable":true,"href":"https:\/\/noticiasregionais.com.br\/index.php?rest_route=\/wp\/v2\/media\/1930"}],"wp:attachment":[{"href":"https:\/\/noticiasregionais.com.br\/index.php?rest_route=%2Fwp%2Fv2%2Fmedia&parent=1929"}],"wp:term":[{"taxonomy":"category","embeddable":true,"href":"https:\/\/noticiasregionais.com.br\/index.php?rest_route=%2Fwp%2Fv2%2Fcategories&post=1929"},{"taxonomy":"post_tag","embeddable":true,"href":"https:\/\/noticiasregionais.com.br\/index.php?rest_route=%2Fwp%2Fv2%2Ftags&post=1929"}],"curies":[{"name":"wp","href":"https:\/\/api.w.org\/{rel}","templated":true}]}}