{"id":1938,"date":"2024-02-02T10:04:38","date_gmt":"2024-02-02T13:04:38","guid":{"rendered":"https:\/\/noticiasregionais.com.br\/?p=1938"},"modified":"2024-02-02T10:04:49","modified_gmt":"2024-02-02T13:04:49","slug":"prefeitura-de-ourinhos-inicia-limpeza-e-manutencao-nas-escolas-municipais","status":"publish","type":"post","link":"https:\/\/noticiasregionais.com.br\/?p=1938","title":{"rendered":"Prefeitura de Ourinhos inicia limpeza e manuten\u00e7\u00e3o nas escolas municipais"},"content":{"rendered":"\n<p>A Prefeitura de Ourinhos, por meio da Secretaria de Servi\u00e7os Urbanos e Zeladoria, iniciou esta semana uma ampla a\u00e7\u00e3o de limpeza e manuten\u00e7\u00e3o nas escolas municipais em prepara\u00e7\u00e3o para o ano letivo, que come\u00e7a em 05 de fevereiro.<\/p>\n\n\n\n<p>O trabalho de limpeza como poda de \u00e1rvores e corte de gramas teve in\u00edcio no N\u00facleo de Educa\u00e7\u00e3o Infantil Curupira, Escola Municipal de Ensino Infantil Professora Maria Jos\u00e9 Ferreira e Escola Municipal de Ensino Fundamental Professor Jos\u00e9 Alves Martins.<\/p>\n\n\n\n<p>O cronograma de limpeza, que \u00e9 realizado sempre pr\u00f3ximo ao in\u00edcio do ano letivo, abranger\u00e1 todas as escolas municipais, assegurando que cada unidade receba a aten\u00e7\u00e3o necess\u00e1ria para iniciar as atividades da melhor forma poss\u00edvel.<\/p>\n\n\n\n<p>Al\u00e9m do servi\u00e7o de limpeza, tamb\u00e9m ser\u00e3o realizadas a\u00e7\u00f5es de manuten\u00e7\u00e3o, conforme pedido e necessidade de cada unidade escolar. \u00c9 importante frisar que nos \u00faltimos anos, sob a gest\u00e3o do prefeito Lucas Pocay, as escolas municipais t\u00eam recebido in\u00fameras melhorias, com o objetivo de oferecer a melhor estrutura para professores e alunos.<\/p>\n<input type=\"hidden\" id=\"baseurl\" value=\"https:\/\/noticiasregionais.com.br\"><input type=\"hidden\" id=\"audio_nonce\" value=\"533fbb67b1\">","protected":false},"excerpt":{"rendered":"<p>A Prefeitura de Ourinhos, por meio da Secretaria de Servi\u00e7os Urbanos e Zeladoria, iniciou esta semana uma ampla a\u00e7\u00e3o de&hellip;<\/p>\n","protected":false},"author":1,"featured_media":1939,"comment_status":"closed","ping_status":"open","sticky":false,"template":"","format":"standard","meta":{"sfsi_plus_gutenberg_text_before_share":"","sfsi_plus_gutenberg_show_text_before_share":"","sfsi_plus_gutenberg_icon_type":"","sfsi_plus_gutenberg_icon_alignemt":"","sfsi_plus_gutenburg_max_per_row":"","footnotes":""},"categories":[5,10,1],"tags":[],"class_list":["post-1938","post","type-post","status-publish","format-standard","has-post-thumbnail","hentry","category-ourinhos","category-destaques","category-noticias"],"_links":{"self":[{"href":"https:\/\/noticiasregionais.com.br\/index.php?rest_route=\/wp\/v2\/posts\/1938","targetHints":{"allow":["GET"]}}],"collection":[{"href":"https:\/\/noticiasregionais.com.br\/index.php?rest_route=\/wp\/v2\/posts"}],"about":[{"href":"https:\/\/noticiasregionais.com.br\/index.php?rest_route=\/wp\/v2\/types\/post"}],"author":[{"embeddable":true,"href":"https:\/\/noticiasregionais.com.br\/index.php?rest_route=\/wp\/v2\/users\/1"}],"replies":[{"embeddable":true,"href":"https:\/\/noticiasregionais.com.br\/index.php?rest_route=%2Fwp%2Fv2%2Fcomments&post=1938"}],"version-history":[{"count":1,"href":"https:\/\/noticiasregionais.com.br\/index.php?rest_route=\/wp\/v2\/posts\/1938\/revisions"}],"predecessor-version":[{"id":1940,"href":"https:\/\/noticiasregionais.com.br\/index.php?rest_route=\/wp\/v2\/posts\/1938\/revisions\/1940"}],"wp:featuredmedia":[{"embeddable":true,"href":"https:\/\/noticiasregionais.com.br\/index.php?rest_route=\/wp\/v2\/media\/1939"}],"wp:attachment":[{"href":"https:\/\/noticiasregionais.com.br\/index.php?rest_route=%2Fwp%2Fv2%2Fmedia&parent=1938"}],"wp:term":[{"taxonomy":"category","embeddable":true,"href":"https:\/\/noticiasregionais.com.br\/index.php?rest_route=%2Fwp%2Fv2%2Fcategories&post=1938"},{"taxonomy":"post_tag","embeddable":true,"href":"https:\/\/noticiasregionais.com.br\/index.php?rest_route=%2Fwp%2Fv2%2Ftags&post=1938"}],"curies":[{"name":"wp","href":"https:\/\/api.w.org\/{rel}","templated":true}]}}