{"id":1941,"date":"2024-02-02T13:50:27","date_gmt":"2024-02-02T16:50:27","guid":{"rendered":"https:\/\/noticiasregionais.com.br\/?p=1941"},"modified":"2024-02-02T13:50:30","modified_gmt":"2024-02-02T16:50:30","slug":"policia-militar-prende-individuo-com-drogas-e-municoes-em-ourinhos","status":"publish","type":"post","link":"https:\/\/noticiasregionais.com.br\/?p=1941","title":{"rendered":"Pol\u00edcia Militar prende indiv\u00edduo com drogas e muni\u00e7\u00f5es em Ourinhos"},"content":{"rendered":"\n<p>Na tarde de ontem (01), por volta das 17h20, policiais do 31\u00ba Batalh\u00e3o de Pol\u00edcia Militar do Interior realizaram a pris\u00e3o de um indiv\u00edduo em flagrante por porte e posse de muni\u00e7\u00e3o de uso restrito, tr\u00e1fico de drogas e desobedi\u00eancia. O fato aconteceu na Rua Al\u00e9cio de Souza Bitencourt, em Ourinhos\/SP.<\/p>\n\n\n\n<p><strong>A\u00e7\u00e3o policial:<\/strong><\/p>\n\n\n\n<p>Os policiais militares realizavam patrulhamento ostensivo quando visualizaram um ve\u00edculo que transitava em atitude suspeita. Ao dar ordem de parada ao condutor, este desobedeceu e empreendeu fuga. Os policiais iniciaram um acompanhamento t\u00e1tico, que culminou na abordagem do ve\u00edculo e do indiv\u00edduo.<\/p>\n\n\n\n<p><strong>Apreens\u00f5es:<\/strong><\/p>\n\n\n\n<p>Na busca veicular, os policiais localizaram e apreenderam:<\/p>\n\n\n\n<ul class=\"wp-block-list\">\n<li>10 muni\u00e7\u00f5es calibre .38<\/li>\n\n\n\n<li>01 muni\u00e7\u00e3o calibre 9mm<\/li>\n\n\n\n<li>19 por\u00e7\u00f5es de coca\u00edna<\/li>\n\n\n\n<li>01 celular<\/li>\n\n\n\n<li>01 ve\u00edculo<\/li>\n<\/ul>\n\n\n\n<p><strong>Ocorr\u00eancia:<\/strong><\/p>\n\n\n\n<p>O indiv\u00edduo foi preso em flagrante e conduzido \u00e0 Central de Pol\u00edcia Judici\u00e1ria de Ourinhos, juntamente com os materiais apreendidos. Ele permaneceu preso \u00e0 disposi\u00e7\u00e3o da justi\u00e7a.<\/p>\n<input type=\"hidden\" id=\"baseurl\" value=\"https:\/\/noticiasregionais.com.br\"><input type=\"hidden\" id=\"audio_nonce\" value=\"533fbb67b1\">","protected":false},"excerpt":{"rendered":"<p>Na tarde de ontem (01), por volta das 17h20, policiais do 31\u00ba Batalh\u00e3o de Pol\u00edcia Militar do Interior realizaram a&hellip;<\/p>\n","protected":false},"author":1,"featured_media":1942,"comment_status":"closed","ping_status":"open","sticky":false,"template":"","format":"standard","meta":{"sfsi_plus_gutenberg_text_before_share":"","sfsi_plus_gutenberg_show_text_before_share":"","sfsi_plus_gutenberg_icon_type":"","sfsi_plus_gutenberg_icon_alignemt":"","sfsi_plus_gutenburg_max_per_row":"","footnotes":""},"categories":[5,10,1],"tags":[],"class_list":["post-1941","post","type-post","status-publish","format-standard","has-post-thumbnail","hentry","category-ourinhos","category-destaques","category-noticias"],"_links":{"self":[{"href":"https:\/\/noticiasregionais.com.br\/index.php?rest_route=\/wp\/v2\/posts\/1941","targetHints":{"allow":["GET"]}}],"collection":[{"href":"https:\/\/noticiasregionais.com.br\/index.php?rest_route=\/wp\/v2\/posts"}],"about":[{"href":"https:\/\/noticiasregionais.com.br\/index.php?rest_route=\/wp\/v2\/types\/post"}],"author":[{"embeddable":true,"href":"https:\/\/noticiasregionais.com.br\/index.php?rest_route=\/wp\/v2\/users\/1"}],"replies":[{"embeddable":true,"href":"https:\/\/noticiasregionais.com.br\/index.php?rest_route=%2Fwp%2Fv2%2Fcomments&post=1941"}],"version-history":[{"count":1,"href":"https:\/\/noticiasregionais.com.br\/index.php?rest_route=\/wp\/v2\/posts\/1941\/revisions"}],"predecessor-version":[{"id":1943,"href":"https:\/\/noticiasregionais.com.br\/index.php?rest_route=\/wp\/v2\/posts\/1941\/revisions\/1943"}],"wp:featuredmedia":[{"embeddable":true,"href":"https:\/\/noticiasregionais.com.br\/index.php?rest_route=\/wp\/v2\/media\/1942"}],"wp:attachment":[{"href":"https:\/\/noticiasregionais.com.br\/index.php?rest_route=%2Fwp%2Fv2%2Fmedia&parent=1941"}],"wp:term":[{"taxonomy":"category","embeddable":true,"href":"https:\/\/noticiasregionais.com.br\/index.php?rest_route=%2Fwp%2Fv2%2Fcategories&post=1941"},{"taxonomy":"post_tag","embeddable":true,"href":"https:\/\/noticiasregionais.com.br\/index.php?rest_route=%2Fwp%2Fv2%2Ftags&post=1941"}],"curies":[{"name":"wp","href":"https:\/\/api.w.org\/{rel}","templated":true}]}}