{"id":1944,"date":"2024-02-02T13:54:21","date_gmt":"2024-02-02T16:54:21","guid":{"rendered":"https:\/\/noticiasregionais.com.br\/?p=1944"},"modified":"2024-02-02T13:54:33","modified_gmt":"2024-02-02T16:54:33","slug":"mulher-e-presa-por-trafico-de-drogas-na-rua-gaspar-ricardo-em-ourinhos","status":"publish","type":"post","link":"https:\/\/noticiasregionais.com.br\/?p=1944","title":{"rendered":"Mulher \u00e9 presa por tr\u00e1fico de drogas na Rua Gaspar Ricardo em Ourinhos"},"content":{"rendered":"\n<p>Na noite de quarta-feira (01), policiais do 31\u00ba Batalh\u00e3o de Pol\u00edcia Militar do Interior de Ourinhos prenderam uma mulher em flagrante delito por tr\u00e1fico de drogas. A a\u00e7\u00e3o aconteceu na Rua Gaspar Ricardo, onde os policiais abordaram a suspeita em atitude suspeita.<\/p>\n\n\n\n<p><strong>Apreens\u00f5es:<\/strong><\/p>\n\n\n\n<ul class=\"wp-block-list\">\n<li>17 gramas de crack<\/li>\n\n\n\n<li>1 grama de maconha<\/li>\n\n\n\n<li>1 celular<\/li>\n\n\n\n<li>R$ 270,00<\/li>\n<\/ul>\n\n\n\n<p><strong>Um adolescente que portava uma por\u00e7\u00e3o de maconha tamb\u00e9m foi abordado na a\u00e7\u00e3o. Ele foi conduzido \u00e0 Central de Pol\u00edcia Judici\u00e1ria para provid\u00eancias cartor\u00e1rias relativas ao ato infracional de porte de drogas e liberado em seguida \u00e0 sua genitora.<\/strong><\/p>\n\n\n\n<p><strong>A mulher foi presa em flagrante e encaminhada \u00e0 Central de Pol\u00edcia Judici\u00e1ria de Ourinhos, onde permaneceu \u00e0 disposi\u00e7\u00e3o da Justi\u00e7a.<\/strong><\/p>\n\n\n\n<p><strong>A a\u00e7\u00e3o da Pol\u00edcia Militar demonstra o compromisso da institui\u00e7\u00e3o com o combate ao tr\u00e1fico de drogas e \u00e0 criminalidade em Ourinhos.<\/strong><\/p>\n\n\n\n<p><strong>Informa\u00e7\u00f5es:<\/strong><\/p>\n\n\n\n<ul class=\"wp-block-list\">\n<li><strong>Data:<\/strong>&nbsp;01 de fevereiro de 2024<\/li>\n\n\n\n<li><strong>Hor\u00e1rio:<\/strong>&nbsp;2h05<\/li>\n\n\n\n<li><strong>Local:<\/strong>&nbsp;Rua Gaspar Ricardo,&nbsp;Ourinhos\/SP<\/li>\n\n\n\n<li><strong>Unidade Policial:<\/strong>&nbsp;31\u00ba Batalh\u00e3o de Pol\u00edcia Militar do Interior<\/li>\n<\/ul>\n\n\n\n<p><strong>Den\u00fancias:<\/strong><\/p>\n\n\n\n<p>A Pol\u00edcia Militar pede a colabora\u00e7\u00e3o da popula\u00e7\u00e3o para denunciar atividades suspeitas de tr\u00e1fico de drogas. As den\u00fancias podem ser feitas pelo telefone 190 ou pelo Disque Den\u00fancia 181.<\/p>\n<input type=\"hidden\" id=\"baseurl\" value=\"https:\/\/noticiasregionais.com.br\"><input type=\"hidden\" id=\"audio_nonce\" value=\"533fbb67b1\">","protected":false},"excerpt":{"rendered":"<p>Na noite de quarta-feira (01), policiais do 31\u00ba Batalh\u00e3o de Pol\u00edcia Militar do Interior de Ourinhos prenderam uma mulher em&hellip;<\/p>\n","protected":false},"author":1,"featured_media":1945,"comment_status":"closed","ping_status":"open","sticky":false,"template":"","format":"standard","meta":{"sfsi_plus_gutenberg_text_before_share":"","sfsi_plus_gutenberg_show_text_before_share":"","sfsi_plus_gutenberg_icon_type":"","sfsi_plus_gutenberg_icon_alignemt":"","sfsi_plus_gutenburg_max_per_row":"","footnotes":""},"categories":[5,10,1],"tags":[],"class_list":["post-1944","post","type-post","status-publish","format-standard","has-post-thumbnail","hentry","category-ourinhos","category-destaques","category-noticias"],"_links":{"self":[{"href":"https:\/\/noticiasregionais.com.br\/index.php?rest_route=\/wp\/v2\/posts\/1944","targetHints":{"allow":["GET"]}}],"collection":[{"href":"https:\/\/noticiasregionais.com.br\/index.php?rest_route=\/wp\/v2\/posts"}],"about":[{"href":"https:\/\/noticiasregionais.com.br\/index.php?rest_route=\/wp\/v2\/types\/post"}],"author":[{"embeddable":true,"href":"https:\/\/noticiasregionais.com.br\/index.php?rest_route=\/wp\/v2\/users\/1"}],"replies":[{"embeddable":true,"href":"https:\/\/noticiasregionais.com.br\/index.php?rest_route=%2Fwp%2Fv2%2Fcomments&post=1944"}],"version-history":[{"count":1,"href":"https:\/\/noticiasregionais.com.br\/index.php?rest_route=\/wp\/v2\/posts\/1944\/revisions"}],"predecessor-version":[{"id":1946,"href":"https:\/\/noticiasregionais.com.br\/index.php?rest_route=\/wp\/v2\/posts\/1944\/revisions\/1946"}],"wp:featuredmedia":[{"embeddable":true,"href":"https:\/\/noticiasregionais.com.br\/index.php?rest_route=\/wp\/v2\/media\/1945"}],"wp:attachment":[{"href":"https:\/\/noticiasregionais.com.br\/index.php?rest_route=%2Fwp%2Fv2%2Fmedia&parent=1944"}],"wp:term":[{"taxonomy":"category","embeddable":true,"href":"https:\/\/noticiasregionais.com.br\/index.php?rest_route=%2Fwp%2Fv2%2Fcategories&post=1944"},{"taxonomy":"post_tag","embeddable":true,"href":"https:\/\/noticiasregionais.com.br\/index.php?rest_route=%2Fwp%2Fv2%2Ftags&post=1944"}],"curies":[{"name":"wp","href":"https:\/\/api.w.org\/{rel}","templated":true}]}}