{"id":1947,"date":"2024-02-02T21:46:42","date_gmt":"2024-02-03T00:46:42","guid":{"rendered":"https:\/\/noticiasregionais.com.br\/?p=1947"},"modified":"2024-02-02T21:46:45","modified_gmt":"2024-02-03T00:46:45","slug":"motorista-de-caminhao-dirigia-quase-24-horas-sem-descanso","status":"publish","type":"post","link":"https:\/\/noticiasregionais.com.br\/?p=1947","title":{"rendered":"Motorista de caminh\u00e3o dirigia quase 24 horas sem descanso"},"content":{"rendered":"\n<p class=\"has-text-align-center\"><strong>PRF interrompeu sua viagem para seguran\u00e7a do tr\u00e2nsito<\/strong><\/p>\n\n\n\n<p>A Pol\u00edcia Rodovi\u00e1ria Federal prendeu um caminhoneiro de 25 anos que dirigia quase sem descanso nas \u00faltimas 24 horas. Ele portava comprimidos para inibir o sono e conduzia um caminh\u00e3o carregado com cocos.<\/p>\n\n\n\n<p>O flagrante ocorreu \u00e0s 9h45 da manh\u00e3 desta sexta-feira (2\/2), quando uma equipe da PRF parou um caminh\u00e3o Mercedes Benz que passava pelo km 173 da BR-153, por Guai\u00e7ara\/SP. Durante a fiscaliza\u00e7\u00e3o, ao constatarem que o motorista havia descansado apenas tr\u00eas horas nas \u00faltimas 24, os policiais rodovi\u00e1rios federais desconfiaram que ele poderia ter a posse de comprimidos de \u201crebites\u201d, como s\u00e3o popularmente conhecidas as anfetaminas que s\u00e3o usadas por motoristas para se manterem acordados por mais tempo. Em sua cabine foram achados dois comprimidos de Nob\u00e9sio Extraforte.<\/p>\n\n\n\n<p>Diante do encontro dos comprimidos, foi lavrado um Termo Circunstanciado de Ocorr\u00eancia (TCO) pelo crime de porte de drogas para consumo pessoal, conforme o artigo 28 da Lei de Drogas (11.343\/2006), respondendo em liberdade. No entanto, por ter desrespeitado o descanso m\u00ednimo de 11 horas nas \u00faltimas 24, ele ficou proibido de continuar viagem at\u00e9 que completasse esse tempo.<\/p>\n<input type=\"hidden\" id=\"baseurl\" value=\"https:\/\/noticiasregionais.com.br\"><input type=\"hidden\" id=\"audio_nonce\" value=\"533fbb67b1\">","protected":false},"excerpt":{"rendered":"<p>PRF interrompeu sua viagem para seguran\u00e7a do tr\u00e2nsito A Pol\u00edcia Rodovi\u00e1ria Federal prendeu um caminhoneiro de 25 anos que dirigia&hellip;<\/p>\n","protected":false},"author":1,"featured_media":1948,"comment_status":"closed","ping_status":"open","sticky":false,"template":"","format":"standard","meta":{"sfsi_plus_gutenberg_text_before_share":"","sfsi_plus_gutenberg_show_text_before_share":"","sfsi_plus_gutenberg_icon_type":"","sfsi_plus_gutenberg_icon_alignemt":"","sfsi_plus_gutenburg_max_per_row":"","footnotes":""},"categories":[6,10,1],"tags":[],"class_list":["post-1947","post","type-post","status-publish","format-standard","has-post-thumbnail","hentry","category-sao_paulo","category-destaques","category-noticias"],"_links":{"self":[{"href":"https:\/\/noticiasregionais.com.br\/index.php?rest_route=\/wp\/v2\/posts\/1947","targetHints":{"allow":["GET"]}}],"collection":[{"href":"https:\/\/noticiasregionais.com.br\/index.php?rest_route=\/wp\/v2\/posts"}],"about":[{"href":"https:\/\/noticiasregionais.com.br\/index.php?rest_route=\/wp\/v2\/types\/post"}],"author":[{"embeddable":true,"href":"https:\/\/noticiasregionais.com.br\/index.php?rest_route=\/wp\/v2\/users\/1"}],"replies":[{"embeddable":true,"href":"https:\/\/noticiasregionais.com.br\/index.php?rest_route=%2Fwp%2Fv2%2Fcomments&post=1947"}],"version-history":[{"count":1,"href":"https:\/\/noticiasregionais.com.br\/index.php?rest_route=\/wp\/v2\/posts\/1947\/revisions"}],"predecessor-version":[{"id":1949,"href":"https:\/\/noticiasregionais.com.br\/index.php?rest_route=\/wp\/v2\/posts\/1947\/revisions\/1949"}],"wp:featuredmedia":[{"embeddable":true,"href":"https:\/\/noticiasregionais.com.br\/index.php?rest_route=\/wp\/v2\/media\/1948"}],"wp:attachment":[{"href":"https:\/\/noticiasregionais.com.br\/index.php?rest_route=%2Fwp%2Fv2%2Fmedia&parent=1947"}],"wp:term":[{"taxonomy":"category","embeddable":true,"href":"https:\/\/noticiasregionais.com.br\/index.php?rest_route=%2Fwp%2Fv2%2Fcategories&post=1947"},{"taxonomy":"post_tag","embeddable":true,"href":"https:\/\/noticiasregionais.com.br\/index.php?rest_route=%2Fwp%2Fv2%2Ftags&post=1947"}],"curies":[{"name":"wp","href":"https:\/\/api.w.org\/{rel}","templated":true}]}}