{"id":1950,"date":"2024-02-02T21:50:05","date_gmt":"2024-02-03T00:50:05","guid":{"rendered":"https:\/\/noticiasregionais.com.br\/?p=1950"},"modified":"2024-02-02T21:50:08","modified_gmt":"2024-02-03T00:50:08","slug":"prf-apreende-223-kg-de-maconha-na-divisa-de-sao-paulo-com-parana","status":"publish","type":"post","link":"https:\/\/noticiasregionais.com.br\/?p=1950","title":{"rendered":"PRF apreende 223 Kg de maconha na divisa de S\u00e3o Paulo com Paran\u00e1"},"content":{"rendered":"\n<p class=\"has-text-align-center\"><strong>Droga seria entregue em Ourinhos para ser distribu\u00edda<\/strong><\/p>\n\n\n\n<p>Uma equipe da Pol\u00edcia Rodovi\u00e1ria Federal prendeu um homem de 25 anos por tr\u00e1fico de drogas na \u00faltima quarta-feira (31\/1). Ele transportava 223,05 quilos de maconha em fardos colocados no banco de tr\u00e1s do carro que dirigia e entregaria a droga em Ourinhos\/SP.<\/p>\n\n\n\n<p>Os policiais rodovi\u00e1rios federais encontraram a carga \u00e0s 19 horas quando patrulhavam o trecho do km 3 da BR-369, no munic\u00edpio de Jacarezinho\/PR, pr\u00f3ximo da divisa com a cidade de Ourinhos. Eles deram ordem de parada ao motorista de um Fiat Palio que, inicialmente, n\u00e3o foi obedecido, parando pouco depois. Durante a fiscaliza\u00e7\u00e3o, ao ser perguntado sobre o conte\u00fado dos fardos vis\u00edveis no banco de tr\u00e1s, ele admitiu ser maconha.<\/p>\n\n\n\n<p>Segundo o homem preso, o carro foi pego j\u00e1 carregado com a droga na cidade de Corn\u00e9lio Proc\u00f3pio\/PR, e que seu destino era a cidade de Ourinhos. No entanto, n\u00e3o sabia o local exato, nem quem receberia, pois receberia as instru\u00e7\u00f5es ao chegar na cidade.<\/p>\n\n\n\n<p>O motorista foi levado para a delegacia da Pol\u00edcia Civil em Jacarezinho\/PR para responder pelo crime de tr\u00e1fico de drogas, conforme o artigo 33 da Lei de Drogas (11.343\/2006), o qual tem pena prevista de at\u00e9 15 anos de reclus\u00e3o.<\/p>\n<input type=\"hidden\" id=\"baseurl\" value=\"https:\/\/noticiasregionais.com.br\"><input type=\"hidden\" id=\"audio_nonce\" value=\"533fbb67b1\">","protected":false},"excerpt":{"rendered":"<p>Droga seria entregue em Ourinhos para ser distribu\u00edda Uma equipe da Pol\u00edcia Rodovi\u00e1ria Federal prendeu um homem de 25 anos&hellip;<\/p>\n","protected":false},"author":1,"featured_media":1951,"comment_status":"closed","ping_status":"open","sticky":false,"template":"","format":"standard","meta":{"sfsi_plus_gutenberg_text_before_share":"","sfsi_plus_gutenberg_show_text_before_share":"","sfsi_plus_gutenberg_icon_type":"","sfsi_plus_gutenberg_icon_alignemt":"","sfsi_plus_gutenburg_max_per_row":"","footnotes":""},"categories":[7,10,1],"tags":[],"class_list":["post-1950","post","type-post","status-publish","format-standard","has-post-thumbnail","hentry","category-parana","category-destaques","category-noticias"],"_links":{"self":[{"href":"https:\/\/noticiasregionais.com.br\/index.php?rest_route=\/wp\/v2\/posts\/1950","targetHints":{"allow":["GET"]}}],"collection":[{"href":"https:\/\/noticiasregionais.com.br\/index.php?rest_route=\/wp\/v2\/posts"}],"about":[{"href":"https:\/\/noticiasregionais.com.br\/index.php?rest_route=\/wp\/v2\/types\/post"}],"author":[{"embeddable":true,"href":"https:\/\/noticiasregionais.com.br\/index.php?rest_route=\/wp\/v2\/users\/1"}],"replies":[{"embeddable":true,"href":"https:\/\/noticiasregionais.com.br\/index.php?rest_route=%2Fwp%2Fv2%2Fcomments&post=1950"}],"version-history":[{"count":1,"href":"https:\/\/noticiasregionais.com.br\/index.php?rest_route=\/wp\/v2\/posts\/1950\/revisions"}],"predecessor-version":[{"id":1952,"href":"https:\/\/noticiasregionais.com.br\/index.php?rest_route=\/wp\/v2\/posts\/1950\/revisions\/1952"}],"wp:featuredmedia":[{"embeddable":true,"href":"https:\/\/noticiasregionais.com.br\/index.php?rest_route=\/wp\/v2\/media\/1951"}],"wp:attachment":[{"href":"https:\/\/noticiasregionais.com.br\/index.php?rest_route=%2Fwp%2Fv2%2Fmedia&parent=1950"}],"wp:term":[{"taxonomy":"category","embeddable":true,"href":"https:\/\/noticiasregionais.com.br\/index.php?rest_route=%2Fwp%2Fv2%2Fcategories&post=1950"},{"taxonomy":"post_tag","embeddable":true,"href":"https:\/\/noticiasregionais.com.br\/index.php?rest_route=%2Fwp%2Fv2%2Ftags&post=1950"}],"curies":[{"name":"wp","href":"https:\/\/api.w.org\/{rel}","templated":true}]}}