{"id":1953,"date":"2024-02-03T10:04:13","date_gmt":"2024-02-03T13:04:13","guid":{"rendered":"https:\/\/noticiasregionais.com.br\/?p=1953"},"modified":"2024-02-03T10:04:25","modified_gmt":"2024-02-03T13:04:25","slug":"ourinhos-vai-repassar-mais-de-18-milhoes-para-abedesc-somente-no-primeiro-semestre-de-2024","status":"publish","type":"post","link":"https:\/\/noticiasregionais.com.br\/?p=1953","title":{"rendered":"Ourinhos vai repassar mais de 18 milh\u00f5es para ABEDESC somente no primeiro semestre de 2024"},"content":{"rendered":"\n<p>A denuncia foi feita pela Vereadora Roberta Stopa em suas redes sociais e acende a luz de alerta sobre os processos de precariza\u00e7\u00e3o, que prejudicam servidores efetivos e podem gerar at\u00e9 mesmo a interrup\u00e7\u00e3o do atendimento durante uma inevit\u00e1vel troca de gestor entre 2024 e 2025, haja visto a impossibilidade do atual prefeito concorrer ao cargo.<\/p>\n\n\n\n<blockquote class=\"wp-block-quote is-layout-flow wp-block-quote-is-layout-flow\">\n<p>O Prefeito de Ourinhos est\u00e1 terceirizando o atendimento de sa\u00fade no Munic\u00edpio, e sua gest\u00e3o n\u00e3o apresentou estudos demonstrando que terceirizar os servi\u00e7os de sa\u00fade \u00e9 a melhor op\u00e7\u00e3o, seja do ponto de vista econ\u00f4mico e do ponto de vista do atendimento propriamente dito.<\/p>\n\n\n\n<p>A terceiriza\u00e7\u00e3o \u00e9 um processo de entrega de patrim\u00f4nio p\u00fablico e de transfer\u00eancia de recursos p\u00fablicos para o uso da iniciativa privada.<\/p>\n\n\n\n<p>Organiza\u00e7\u00f5es privadas (sejam sociais ou com fins lucrativos) passam a <a><\/a>intermediar contratos de trabalhadores, utilizando o patrim\u00f4nio p\u00fablico sem qualquer investimento, pois recebem os servi\u00e7os prontos, aparelhados e j\u00e1 em funcionamento, recebendo altos valores do munic\u00edpio.<\/p>\n\n\n\n<p>Com trabalhadores sem a estabilidade inerente ao setor p\u00fablico ocorre a rotatividade de profissionais, al\u00e9m da possibilidade de desrespeito \u00e0 legisla\u00e7\u00e3o trabalhista, j\u00e1 que essas entidades n\u00e3o est\u00e3o submetidas \u00e0 fiscaliza\u00e7\u00e3o do Tribunal de Contas.<\/p>\n\n\n\n<p>A estabilidade do servidor p\u00fablico \u00e9 a garantia de que as pessoas aprovadas em concursos p\u00fablicos, treinadas e capacitadas, possam permanecer nos cargos independentemente das mudan\u00e7as de governo.<\/p>\n\n\n\n<p>Isso permite que os servi\u00e7os funcionem sem interrup\u00e7\u00e3o, independentemente dos interesses pessoais de um governante e da influ\u00eancia ou troca de favores pol\u00edticos.<\/p>\n\n\n\n<p>RESPEITO AOS DIREITOS DO CIDAD\u00c3OS!<\/p>\n\n\n\n<p>CONTRA A TERCEIRIZA\u00c7\u00c3O DE SERVI\u00c7OS P\u00daBLICOS!<\/p>\n<\/blockquote>\n\n\n\n<figure class=\"wp-block-gallery has-nested-images columns-default is-cropped wp-block-gallery-1 is-layout-flex wp-block-gallery-is-layout-flex\">\n<figure class=\"wp-block-image size-large\"><img decoding=\"async\" width=\"1024\" height=\"1024\" data-id=\"1955\" src=\"https:\/\/noticiasregionais.com.br\/wp-content\/uploads\/2024\/02\/423326695_7390527240993414_4590438615073501234_n-1024x1024.jpg\" alt=\"\" class=\"wp-image-1955\" srcset=\"https:\/\/noticiasregionais.com.br\/wp-content\/uploads\/2024\/02\/423326695_7390527240993414_4590438615073501234_n-1024x1024.jpg 1024w, https:\/\/noticiasregionais.com.br\/wp-content\/uploads\/2024\/02\/423326695_7390527240993414_4590438615073501234_n-300x300.jpg 300w, https:\/\/noticiasregionais.com.br\/wp-content\/uploads\/2024\/02\/423326695_7390527240993414_4590438615073501234_n-150x150.jpg 150w, https:\/\/noticiasregionais.com.br\/wp-content\/uploads\/2024\/02\/423326695_7390527240993414_4590438615073501234_n-768x768.jpg 768w, https:\/\/noticiasregionais.com.br\/wp-content\/uploads\/2024\/02\/423326695_7390527240993414_4590438615073501234_n.jpg 1080w\" sizes=\"(max-width: 1024px) 100vw, 1024px\" \/><\/figure>\n\n\n\n<figure class=\"wp-block-image size-large\"><img decoding=\"async\" width=\"1024\" height=\"1024\" data-id=\"1954\" src=\"https:\/\/noticiasregionais.com.br\/wp-content\/uploads\/2024\/02\/424633737_7390527220993416_9215773403715346433_n-1024x1024.jpg\" alt=\"\" class=\"wp-image-1954\" srcset=\"https:\/\/noticiasregionais.com.br\/wp-content\/uploads\/2024\/02\/424633737_7390527220993416_9215773403715346433_n-1024x1024.jpg 1024w, https:\/\/noticiasregionais.com.br\/wp-content\/uploads\/2024\/02\/424633737_7390527220993416_9215773403715346433_n-300x300.jpg 300w, https:\/\/noticiasregionais.com.br\/wp-content\/uploads\/2024\/02\/424633737_7390527220993416_9215773403715346433_n-150x150.jpg 150w, https:\/\/noticiasregionais.com.br\/wp-content\/uploads\/2024\/02\/424633737_7390527220993416_9215773403715346433_n-768x768.jpg 768w, https:\/\/noticiasregionais.com.br\/wp-content\/uploads\/2024\/02\/424633737_7390527220993416_9215773403715346433_n.jpg 1080w\" sizes=\"(max-width: 1024px) 100vw, 1024px\" \/><\/figure>\n<\/figure>\n\n\n\n<p><a href=\"https:\/\/www.facebook.com\/roberta.stopa.3\/posts\/pfbid031eYCAMhffEYzd7hFfPdmvp5u4x3hp6CDDDB93bPTdpCcG7Wgu2nZFtX2wJQ9i5Efl\" target=\"_blank\" rel=\"noopener\">https:\/\/www.facebook.com\/roberta.stopa.3\/posts\/pfbid031eYCAMhffEYzd7hFfPdmvp5u4x3hp6CDDDB93bPTdpCcG7Wgu2nZFtX2wJQ9i5Efl<\/a><\/p>\n<input type=\"hidden\" id=\"baseurl\" value=\"https:\/\/noticiasregionais.com.br\"><input type=\"hidden\" id=\"audio_nonce\" value=\"533fbb67b1\">","protected":false},"excerpt":{"rendered":"<p>A denuncia foi feita pela Vereadora Roberta Stopa em suas redes sociais e acende a luz de alerta sobre os&hellip;<\/p>\n","protected":false},"author":1,"featured_media":1956,"comment_status":"closed","ping_status":"open","sticky":false,"template":"","format":"standard","meta":{"sfsi_plus_gutenberg_text_before_share":"","sfsi_plus_gutenberg_show_text_before_share":"","sfsi_plus_gutenberg_icon_type":"","sfsi_plus_gutenberg_icon_alignemt":"","sfsi_plus_gutenburg_max_per_row":"","footnotes":""},"categories":[5,12,1],"tags":[],"class_list":["post-1953","post","type-post","status-publish","format-standard","has-post-thumbnail","hentry","category-ourinhos","category-capa","category-noticias"],"_links":{"self":[{"href":"https:\/\/noticiasregionais.com.br\/index.php?rest_route=\/wp\/v2\/posts\/1953","targetHints":{"allow":["GET"]}}],"collection":[{"href":"https:\/\/noticiasregionais.com.br\/index.php?rest_route=\/wp\/v2\/posts"}],"about":[{"href":"https:\/\/noticiasregionais.com.br\/index.php?rest_route=\/wp\/v2\/types\/post"}],"author":[{"embeddable":true,"href":"https:\/\/noticiasregionais.com.br\/index.php?rest_route=\/wp\/v2\/users\/1"}],"replies":[{"embeddable":true,"href":"https:\/\/noticiasregionais.com.br\/index.php?rest_route=%2Fwp%2Fv2%2Fcomments&post=1953"}],"version-history":[{"count":1,"href":"https:\/\/noticiasregionais.com.br\/index.php?rest_route=\/wp\/v2\/posts\/1953\/revisions"}],"predecessor-version":[{"id":1957,"href":"https:\/\/noticiasregionais.com.br\/index.php?rest_route=\/wp\/v2\/posts\/1953\/revisions\/1957"}],"wp:featuredmedia":[{"embeddable":true,"href":"https:\/\/noticiasregionais.com.br\/index.php?rest_route=\/wp\/v2\/media\/1956"}],"wp:attachment":[{"href":"https:\/\/noticiasregionais.com.br\/index.php?rest_route=%2Fwp%2Fv2%2Fmedia&parent=1953"}],"wp:term":[{"taxonomy":"category","embeddable":true,"href":"https:\/\/noticiasregionais.com.br\/index.php?rest_route=%2Fwp%2Fv2%2Fcategories&post=1953"},{"taxonomy":"post_tag","embeddable":true,"href":"https:\/\/noticiasregionais.com.br\/index.php?rest_route=%2Fwp%2Fv2%2Ftags&post=1953"}],"curies":[{"name":"wp","href":"https:\/\/api.w.org\/{rel}","templated":true}]}}