{"id":1962,"date":"2024-02-04T10:46:46","date_gmt":"2024-02-04T13:46:46","guid":{"rendered":"https:\/\/noticiasregionais.com.br\/?p=1962"},"modified":"2024-02-04T10:48:16","modified_gmt":"2024-02-04T13:48:16","slug":"ourinhos-registra-40-casos-de-dengue-e-centro-oeste-paulista-tem-aumento-preocupante","status":"publish","type":"post","link":"https:\/\/noticiasregionais.com.br\/?p=1962","title":{"rendered":"Ourinhos registra 40 casos de dengue e Centro Oeste Paulista tem aumento preocupante"},"content":{"rendered":"\n<p>O centro-oeste paulista apresentou um aumento exponencial de casos de dengue em janeiro de 2024, quando comparado \u00e0 mesma \u00e9poca de 2023, segundo boletins divulgados pelas prefeituras.<\/p>\n\n\n\n<p>Considerada pelo Minist\u00e9rio da Sa\u00fade (MinSa\u00fade) como a arbovirose urbana mais prevalente nas Am\u00e9ricas, principalmente no Brasil,\u00a0a dengue \u00e9 transmitida pela picada da f\u00eamea do mosquito Aedes aegypti.<\/p>\n\n\n\n<p>O per\u00edodo do ano com maior transmiss\u00e3o \u00e9 justamente nos meses mais chuvosos de cada regi\u00e3o, geralmente de novembro a maio, e, portanto, o alerta \u00e9 para o combate ao mosquito. \u00c1gua parada \u00e9 o principal foco, e os ovos do mosquito podem sobreviver por um ano no ambiente.<\/p>\n\n\n\n<h2 class=\"wp-block-heading\"><a class=\"\" href=\"https:\/\/g1.globo.com\/sp\/bauru-marilia\/cidade\/botucatu\/\" target=\"_blank\" rel=\"noopener\">Botucatu<\/a><\/h2>\n\n\n\n<p>Em&nbsp;<a class=\"\" href=\"https:\/\/g1.globo.com\/sp\/bauru-marilia\/cidade\/botucatu\/\" target=\"_blank\" rel=\"noopener\">Botucatu (SP)<\/a>, os casos de dengue cresceram consideravelmente. Segundo a prefeitura, a cidade registrou 705 casos da doen\u00e7a em janeiro de 2024<\/p>\n\n\n\n<p>No mesmo m\u00eas em 2023, a cidade registrou apenas seis casos no total,&nbsp;<strong>representando um&nbsp;<\/strong><strong>aumento de 11.650%<\/strong><strong>&nbsp;de um ano para o outro<\/strong>.<\/p>\n\n\n\n<p>Para tentar conter o aumento do n\u00famero de casos, cerca de 120 servidores de diversas secretarias da Prefeitura de\u00a0<a class=\"\" href=\"https:\/\/g1.globo.com\/sp\/bauru-marilia\/cidade\/botucatu\/\" target=\"_blank\" rel=\"noopener\">Botucatu<\/a>\u00a0realizam, em apoio da Vigil\u00e2ncia Ambiental em Sa\u00fade, uma a\u00e7\u00e3o de bloqueio de criadouros do mosquito\u00a0<em>Aedes aegypti<\/em>\u00a0na regi\u00e3o Leste da cidade, nos bairros Jardim Vista Linda, Jardim Ciranda, Jardim Alvorada e Conjunto Habitacional Ant\u00f4nio Herm\u00ednio Delevedove (Cohab 4).<\/p>\n\n\n\n<h2 class=\"wp-block-heading\"><a class=\"\" href=\"https:\/\/g1.globo.com\/sp\/bauru-marilia\/cidade\/bauru\/\" target=\"_blank\" rel=\"noopener\">Bauru<\/a><\/h2>\n\n\n\n<p>Em&nbsp;<a class=\"\" href=\"https:\/\/g1.globo.com\/sp\/bauru-marilia\/cidade\/bauru\/\" target=\"_blank\" rel=\"noopener\">Bauru (SP)<\/a>, maior cidade do centro-oeste paulista, foi registrada uma queda nos casos em rela\u00e7\u00e3o a janeiro de 2023. Por\u00e9m, os \u00edndices ainda preocupam as autoridades.<\/p>\n\n\n\n<p>Segundo o \u00faltimo boletim epidemiol\u00f3gico divulgado em janeiro de 2024, 97 casos aut\u00f3ctones foram registrados, al\u00e9m de outros 413 casos suspeitos. Tr\u00eas mortes seguem em investiga\u00e7\u00e3o.<\/p>\n\n\n\n<p>Durante o m\u00eas de janeiro de 2023,&nbsp;<a class=\"\" href=\"https:\/\/g1.globo.com\/sp\/bauru-marilia\/cidade\/bauru\/\" target=\"_blank\" rel=\"noopener\">Bauru<\/a>&nbsp;registrou, ao todo, 194 casos aut\u00f3ctones de dengue, uma&nbsp;<strong>queda de 50% na incid\u00eancia da doen\u00e7a.<\/strong><strong><\/strong><\/p>\n\n\n\n<p>Mesmo com os n\u00fameros menores em compara\u00e7\u00e3o com o ano passado, por conta da maior epidemia de dengue da hist\u00f3ria de&nbsp;<a class=\"\" href=\"https:\/\/g1.globo.com\/sp\/bauru-marilia\/cidade\/bauru\/\" target=\"_blank\" rel=\"noopener\">Bauru<\/a>&nbsp;v\u00edvida em 2019, quando 26 mil casos foram confirmados e 39 mortes pela doen\u00e7a, medidas j\u00e1 come\u00e7aram a ser tomadas pelas autoridades para evitar que o caso se repita.<\/p>\n\n\n\n<p>Dentre elas, est\u00e1 a instala\u00e7\u00e3o de 528 armadilhas para monitoramento do mosquito Aedes aegypti em todas as regi\u00f5es da cidade.<\/p>\n\n\n\n<p>As armadilhas &#8220;Mosquitrap&#8221; atraem as f\u00eameas gr\u00e1vidas do inseto atrav\u00e9s de um chamativo sint\u00e9tico de oviposi\u00e7\u00e3o (para a f\u00eamea expelir os ovos) presente no interior da armadilha. Ao entrar, a f\u00eamea fica presa no adesivo fixado em seu interior, o que facilita a posterior coleta para monitoramento.<\/p>\n\n\n\n<p>De acordo com a prefeitura, o trabalho \u00e9 realizado pelos agentes de combate \u00e0s endemias, que j\u00e1 monitoram, semanalmente e em tempo real, as 200 armadilhas instaladas desde o in\u00edcio do ano passado.<\/p>\n\n\n\n<h2 class=\"wp-block-heading\"><a class=\"\" href=\"https:\/\/g1.globo.com\/sp\/bauru-marilia\/cidade\/marilia\/\" target=\"_blank\" rel=\"noopener\">Mar\u00edlia<\/a><\/h2>\n\n\n\n<p>Em&nbsp;<a class=\"\" href=\"https:\/\/g1.globo.com\/sp\/bauru-marilia\/cidade\/marilia\/\" target=\"_blank\" rel=\"noopener\">Mar\u00edlia (SP)<\/a>, foram registrados 347 casos de dengue no primeiro m\u00eas de 2024. No mesmo per\u00edodo de 2023 foram 32 casos .<\/p>\n\n\n\n<p>Com o&nbsp;<strong>aumento de 984%<\/strong><strong>&nbsp;<\/strong>na compara\u00e7\u00e3o entre os dois anos, a prefeitura elaborou um novo Plano de Conting\u00eancia Municipal para Arboviroses (dengue, zika e chikungunya) em 2024.<\/p>\n\n\n\n<p>De acordo com a administra\u00e7\u00e3o municipal, todos os enfermeiros da rede passaram por uma reuni\u00e3o preparat\u00f3ria e de capacita\u00e7\u00e3o. Para fevereiro haver\u00e1 outra capacita\u00e7\u00e3o sobre manejo cl\u00ednico da dengue para profissionais de Sa\u00fade da rede de Aten\u00e7\u00e3o B\u00e1sica, com convite estendido tamb\u00e9m aos profissionais dos servi\u00e7os de urg\u00eancia municipal (UPA e PA).<\/p>\n\n\n\n<h2 class=\"wp-block-heading\"><a class=\"\" href=\"https:\/\/g1.globo.com\/sp\/bauru-marilia\/cidade\/ourinhos\/\" target=\"_blank\" rel=\"noopener\">Ourinhos<\/a><\/h2>\n\n\n\n<p>Em&nbsp;<a class=\"\" href=\"https:\/\/g1.globo.com\/sp\/bauru-marilia\/cidade\/ourinhos\/\" target=\"_blank\" rel=\"noopener\">Ourinhos (SP)<\/a>, foram registrados 40 casos da doen\u00e7a, no primeiro m\u00eas de 2024. Em 2023, a incid\u00eancia foi de apenas 11 casos, um&nbsp;<strong>aumento de 263%<\/strong>.<\/p>\n\n\n\n<p>Segundo a prefeitura, com o aumento dos casos, a Secretaria Municipal de Sa\u00fade por meio do setor de Vigil\u00e2ncia Epidemiol\u00f3gica, tem intensificado o trabalho de fiscaliza\u00e7\u00e3o e a\u00e7\u00f5es de combate \u00e0 dengue.<\/p>\n\n\n\n<h2 class=\"wp-block-heading\">Vacina<\/h2>\n\n\n\n<p>Ainda em Janeiro deste ano, o Brasil recebeu o primeiro lote de vacinas contra a dengue para aplica\u00e7\u00e3o pelo&nbsp;<a class=\"\" href=\"https:\/\/g1.globo.com\/tudo-sobre\/sus\/\" target=\"_blank\" rel=\"noopener\">Sistema \u00danico de Sa\u00fade (SUS)<\/a>. A remessa cont\u00e9m 750 mil doses doadas pelo laborat\u00f3rio japon\u00eas Takeda.<\/p>\n\n\n\n<p>Segundo o governo, as primeiras doses ser\u00e3o destinadas para adolescentes de 10 a 14 anos que moram em cidades com mais de 100 mil habitantes. A defini\u00e7\u00e3o do p\u00fablico que receber\u00e1 as doses leva em conta taxas de transmiss\u00e3o.<\/p>\n\n\n\n<p>O n\u00famero de casos de dengue nas duas primeiras semanas de 2024\u00a0<a class=\"\" href=\"https:\/\/g1.globo.com\/saude\/noticia\/2024\/01\/20\/casos-de-dengue-no-pais-tem-boom-em-2024-e-dobram-em-relacao-ao-mesmo-periodo-de-2023-seis-mortes-foram-confirmadas.ghtml\" target=\"_blank\" rel=\"noopener\">foi mais do que o dobro do registrado no mesmo per\u00edodo do ano passado<\/a>, segundo dados do Minist\u00e9rio da Sa\u00fade. Foram 55,8 mil casos prov\u00e1veis.\u00a0<a class=\"\" href=\"https:\/\/g1.globo.com\/saude\/noticia\/2024\/01\/20\/casos-de-dengue-no-pais-tem-boom-em-2024-e-dobram-em-relacao-ao-mesmo-periodo-de-2023-seis-mortes-foram-confirmadas.ghtml\" target=\"_blank\" rel=\"noopener\">Seis pessoas morreram por complica\u00e7\u00f5es da doen\u00e7a<\/a>.<\/p>\n\n\n\n<p>Brasil registra mais de 55 mil casos de dengue em 2024<\/p>\n\n\n\n<p>Inicialmente, o governo afirmou que seria priorizada a vacina\u00e7\u00e3o de crian\u00e7as e jovens entre 6 e 14 anos, mas em comunicado divulgado neste domingo o Minist\u00e9rio da Sa\u00fade informou que o p\u00fablico-alvo da primeira remessa ser\u00e1 de indiv\u00edduos entre 10 e 14 anos.<\/p>\n\n\n\n<blockquote class=\"wp-block-quote is-layout-flow wp-block-quote-is-layout-flow\">\n<p>&#8220;A faixa et\u00e1ria de 10 a 14 anos se encontra dentro do que recomendou a OMS e \u00e9 tamb\u00e9m aquela em que ocorre o maior n\u00famero de hospitaliza\u00e7\u00f5es&#8221;, declarou a ministra da Sa\u00fade, N\u00edsia Trindade.<\/p>\n<\/blockquote>\n\n\n\n<p>O governo brasileiro adquiriu 5,2 milh\u00f5es de doses da vacina, limite estabelecido pela farmac\u00eautica Takeda neste ano de acordo com sua possibilidade de entrega. O primeiro lote das vacinas compradas ser\u00e1 de 570 mil doses e chegar\u00e1 ao pa\u00eds em fevereiro.<\/p>\n\n\n\n<p>A estimativa do governo \u00e9 de que cerca de 3,2 milh\u00f5es de pessoas ser\u00e3o vacinadas em 2024.<\/p>\n\n\n\n<h2 class=\"wp-block-heading\">O que \u00e9 a Qdenga e como ela age?<\/h2>\n\n\n\n<p>A Qdenga (TAK-003) \u00e9 um imunizante contra a dengue desenvolvido pelo laborat\u00f3rio japon\u00eas Takeda Pharma. O registro do imunizante foi aprovado pela Anvisa em mar\u00e7o de 2023.<\/p>\n\n\n\n<p>A vacina cont\u00e9m v\u00edrus vivos atenuados da dengue. Por isso, ela induz respostas imunol\u00f3gicas contra os quatro sorotipos do v\u00edrus da dengue.<\/p>\n\n\n\n<h2 class=\"wp-block-heading\">Quem pode se vacinar com a Qdenga?<\/h2>\n\n\n\n<p>De acordo com a Anvisa, a Qdenga \u00e9 indicada para pessoas de 4 a 60 anos. N\u00e3o foram feitos estudos para avaliar a efic\u00e1cia da vacina em pessoas com mais de 60 anos.<\/p>\n\n\n\n<p>Al\u00e9m disso, podem se vacinar com a Qdenga tanto quem j\u00e1 teve dengue, quanto quem nunca foi infectado. Essa \u00e9 a primeira vacina liberada no pa\u00eds para pessoas que nunca entraram em contato com o v\u00edrus da dengue.<\/p>\n\n\n\n<p>Mas n\u00e3o podem ser imunizados com a vacina quem tem alergia a algum dos componentes, quem tem o sistema imunol\u00f3gico comprometido ou alguma condi\u00e7\u00e3o imunossupressora, ou gestantes e lactantes.<\/p>\n\n\n\n<h2 class=\"wp-block-heading\">A Qdenga vai ser aplicada de gra\u00e7a?<\/h2>\n\n\n\n<p>Desde a aprova\u00e7\u00e3o pela Anvisa em mar\u00e7o de 2023, cl\u00ednicas particulares passaram a disponibilizar a vacina Qdenga para seus consumidores.<\/p>\n\n\n\n<p>Agora, o imunizante do laborat\u00f3rio Takeda Pharma passa a integrar tamb\u00e9m o PNI, que re\u00fane as vacinas aplicadas gratuitamente pelo SUS.<\/p>\n\n\n\n<h2 class=\"wp-block-heading\">A Qdenga tem efeitos colaterais?<\/h2>\n\n\n\n<p>Os estudos cl\u00ednicos mostraram que pode haver rea\u00e7\u00f5es, geralmente, dentro de dois dias ap\u00f3s a inje\u00e7\u00e3o. As rea\u00e7\u00f5es registradas foram de gravidade leve a moderada e duraram de 1 a 3 dias.<\/p>\n\n\n\n<p>\ud83d\udea8 Aten\u00e7\u00e3o: essas rea\u00e7\u00f5es N\u00c3O tornam o imunizante contraindicado se aplicado no p\u00fablico correto.<\/p>\n\n\n\n<p>Foram relatadas com maior frequ\u00eancia:<\/p>\n\n\n\n<ul class=\"wp-block-list\">\n<li>dor no local da inje\u00e7\u00e3o (50%);<\/li>\n\n\n\n<li>dor de cabe\u00e7a (35%);<\/li>\n\n\n\n<li>dor muscular (31%);<\/li>\n\n\n\n<li>vermelhid\u00e3o no local de inje\u00e7\u00e3o (27%);<\/li>\n\n\n\n<li>mal-estar (24%);<\/li>\n\n\n\n<li>fraqueza (20%); e<\/li>\n\n\n\n<li>febre (11%).<\/li>\n<\/ul>\n\n\n\n<p>As rea\u00e7\u00f5es s\u00e3o menos frequentes ap\u00f3s a segunda dose da Qdenga.<\/p>\n\n\n\n<p>fonte: G1 Bauru e Marilia<\/p>\n<input type=\"hidden\" id=\"baseurl\" value=\"https:\/\/noticiasregionais.com.br\"><input type=\"hidden\" id=\"audio_nonce\" value=\"533fbb67b1\">","protected":false},"excerpt":{"rendered":"<p>O centro-oeste paulista apresentou um aumento exponencial de casos de dengue em janeiro de 2024, quando comparado \u00e0 mesma \u00e9poca&hellip;<\/p>\n","protected":false},"author":1,"featured_media":1963,"comment_status":"closed","ping_status":"open","sticky":false,"template":"","format":"standard","meta":{"sfsi_plus_gutenberg_text_before_share":"","sfsi_plus_gutenberg_show_text_before_share":"","sfsi_plus_gutenberg_icon_type":"","sfsi_plus_gutenberg_icon_alignemt":"","sfsi_plus_gutenburg_max_per_row":"","footnotes":""},"categories":[5,10,1],"tags":[],"class_list":["post-1962","post","type-post","status-publish","format-standard","has-post-thumbnail","hentry","category-ourinhos","category-destaques","category-noticias"],"_links":{"self":[{"href":"https:\/\/noticiasregionais.com.br\/index.php?rest_route=\/wp\/v2\/posts\/1962","targetHints":{"allow":["GET"]}}],"collection":[{"href":"https:\/\/noticiasregionais.com.br\/index.php?rest_route=\/wp\/v2\/posts"}],"about":[{"href":"https:\/\/noticiasregionais.com.br\/index.php?rest_route=\/wp\/v2\/types\/post"}],"author":[{"embeddable":true,"href":"https:\/\/noticiasregionais.com.br\/index.php?rest_route=\/wp\/v2\/users\/1"}],"replies":[{"embeddable":true,"href":"https:\/\/noticiasregionais.com.br\/index.php?rest_route=%2Fwp%2Fv2%2Fcomments&post=1962"}],"version-history":[{"count":2,"href":"https:\/\/noticiasregionais.com.br\/index.php?rest_route=\/wp\/v2\/posts\/1962\/revisions"}],"predecessor-version":[{"id":1966,"href":"https:\/\/noticiasregionais.com.br\/index.php?rest_route=\/wp\/v2\/posts\/1962\/revisions\/1966"}],"wp:featuredmedia":[{"embeddable":true,"href":"https:\/\/noticiasregionais.com.br\/index.php?rest_route=\/wp\/v2\/media\/1963"}],"wp:attachment":[{"href":"https:\/\/noticiasregionais.com.br\/index.php?rest_route=%2Fwp%2Fv2%2Fmedia&parent=1962"}],"wp:term":[{"taxonomy":"category","embeddable":true,"href":"https:\/\/noticiasregionais.com.br\/index.php?rest_route=%2Fwp%2Fv2%2Fcategories&post=1962"},{"taxonomy":"post_tag","embeddable":true,"href":"https:\/\/noticiasregionais.com.br\/index.php?rest_route=%2Fwp%2Fv2%2Ftags&post=1962"}],"curies":[{"name":"wp","href":"https:\/\/api.w.org\/{rel}","templated":true}]}}