{"id":1967,"date":"2024-02-06T12:42:36","date_gmt":"2024-02-06T15:42:36","guid":{"rendered":"https:\/\/noticiasregionais.com.br\/?p=1967"},"modified":"2024-02-06T12:42:48","modified_gmt":"2024-02-06T15:42:48","slug":"prf-apreende-43-celulares-em-veiculo-sem-desembaraco-aduaneiro-na-br-153-em-ourinhos","status":"publish","type":"post","link":"https:\/\/noticiasregionais.com.br\/?p=1967","title":{"rendered":"PRF apreende 43 celulares em ve\u00edculo sem desembara\u00e7o aduaneiro na BR-153 em Ourinhos"},"content":{"rendered":"\n<p><strong>Ourinhos, SP (06\/02\/2024) \u2013<\/strong> Uma equipe da Pol\u00edcia Rodovi\u00e1ria Federal (PRF) apreendeu 43 celulares da marca POCO em um ve\u00edculo VW\/POLO, cor branca, durante abordagem na BR-153, no munic\u00edpio de Ourinhos\/SP, na manh\u00e3 desta ter\u00e7a-feira (6).<\/p>\n\n\n\n<p>A a\u00e7\u00e3o aconteceu por volta das 7h, quando os policiais abordaram o ve\u00edculo que transitava pela rodovia. O condutor e o acompanhante informaram que vinham de Foz do Igua\u00e7u\/PR e que realizaram compras no Paraguai.<\/p>\n\n\n\n<p>Durante vistoria no porta-malas, os agentes da PRF localizaram os 43 celulares sem a devida documenta\u00e7\u00e3o comprobat\u00f3ria de desembara\u00e7o aduaneiro. Diante da constata\u00e7\u00e3o do crime de descaminho, o ve\u00edculo e os dois ocupantes foram encaminhados \u00e0 Pol\u00edcia Federal de Mar\u00edlia para os procedimentos cab\u00edveis.<\/p>\n\n\n\n<p><strong>Combate ao crime de descaminho<\/strong><\/p>\n\n\n\n<p>A apreens\u00e3o faz parte das a\u00e7\u00f5es da PRF no combate ao crime de descaminho, que visa reprimir a entrada ilegal de produtos no pa\u00eds, garantindo a lisura do com\u00e9rcio e protegendo o mercado interno.<\/p>\n\n\n\n<p><strong>Orienta\u00e7\u00e3o<\/strong><\/p>\n\n\n\n<p>A PRF orienta que ao realizar compras em outros pa\u00edses, os viajantes estejam atentos \u00e0s normas aduaneiras brasileiras para evitar transtornos e penalidades.<\/p>\n\n\n\n<p><strong>Servi\u00e7o<\/strong><\/p>\n\n\n\n<p>Pol\u00edcia Rodovi\u00e1ria Federal Disque 191<\/p>\n<input type=\"hidden\" id=\"baseurl\" value=\"https:\/\/noticiasregionais.com.br\"><input type=\"hidden\" id=\"audio_nonce\" value=\"533fbb67b1\">","protected":false},"excerpt":{"rendered":"<p>Ourinhos, SP (06\/02\/2024) \u2013 Uma equipe da Pol\u00edcia Rodovi\u00e1ria Federal (PRF) apreendeu 43 celulares da marca POCO em um ve\u00edculo&hellip;<\/p>\n","protected":false},"author":1,"featured_media":1968,"comment_status":"closed","ping_status":"open","sticky":false,"template":"","format":"standard","meta":{"sfsi_plus_gutenberg_text_before_share":"","sfsi_plus_gutenberg_show_text_before_share":"","sfsi_plus_gutenberg_icon_type":"","sfsi_plus_gutenberg_icon_alignemt":"","sfsi_plus_gutenburg_max_per_row":"","footnotes":""},"categories":[5,12,1],"tags":[],"class_list":["post-1967","post","type-post","status-publish","format-standard","has-post-thumbnail","hentry","category-ourinhos","category-capa","category-noticias"],"_links":{"self":[{"href":"https:\/\/noticiasregionais.com.br\/index.php?rest_route=\/wp\/v2\/posts\/1967","targetHints":{"allow":["GET"]}}],"collection":[{"href":"https:\/\/noticiasregionais.com.br\/index.php?rest_route=\/wp\/v2\/posts"}],"about":[{"href":"https:\/\/noticiasregionais.com.br\/index.php?rest_route=\/wp\/v2\/types\/post"}],"author":[{"embeddable":true,"href":"https:\/\/noticiasregionais.com.br\/index.php?rest_route=\/wp\/v2\/users\/1"}],"replies":[{"embeddable":true,"href":"https:\/\/noticiasregionais.com.br\/index.php?rest_route=%2Fwp%2Fv2%2Fcomments&post=1967"}],"version-history":[{"count":1,"href":"https:\/\/noticiasregionais.com.br\/index.php?rest_route=\/wp\/v2\/posts\/1967\/revisions"}],"predecessor-version":[{"id":1969,"href":"https:\/\/noticiasregionais.com.br\/index.php?rest_route=\/wp\/v2\/posts\/1967\/revisions\/1969"}],"wp:featuredmedia":[{"embeddable":true,"href":"https:\/\/noticiasregionais.com.br\/index.php?rest_route=\/wp\/v2\/media\/1968"}],"wp:attachment":[{"href":"https:\/\/noticiasregionais.com.br\/index.php?rest_route=%2Fwp%2Fv2%2Fmedia&parent=1967"}],"wp:term":[{"taxonomy":"category","embeddable":true,"href":"https:\/\/noticiasregionais.com.br\/index.php?rest_route=%2Fwp%2Fv2%2Fcategories&post=1967"},{"taxonomy":"post_tag","embeddable":true,"href":"https:\/\/noticiasregionais.com.br\/index.php?rest_route=%2Fwp%2Fv2%2Ftags&post=1967"}],"curies":[{"name":"wp","href":"https:\/\/api.w.org\/{rel}","templated":true}]}}