{"id":1970,"date":"2024-02-06T12:45:29","date_gmt":"2024-02-06T15:45:29","guid":{"rendered":"https:\/\/noticiasregionais.com.br\/?p=1970"},"modified":"2024-02-06T12:45:40","modified_gmt":"2024-02-06T15:45:40","slug":"pre-matricula-do-provao-paulista-cadastro-de-aprovados-na-2a-chamada-termina-hoje","status":"publish","type":"post","link":"https:\/\/noticiasregionais.com.br\/?p=1970","title":{"rendered":"Pr\u00e9-matr\u00edcula do Prov\u00e3o Paulista: cadastro de aprovados na 2\u00aa chamada termina hoje"},"content":{"rendered":"\n<p class=\"has-text-align-center\"><strong>Lista foi divulgada na \u00faltima sexta-feira (2); vagas s\u00e3o destinadas a cursos na USP, Unesp, Unicamp e Fatecs<\/strong><\/p>\n\n\n\n<p>Estudantes aprovados na segunda chamada do Prov\u00e3o Paulista Seriado t\u00eam at\u00e9 esta ter\u00e7a-feira (6) para fazer a pr\u00e9-matr\u00edcula nas institui\u00e7\u00f5es de ensino superior. A lista com nomes dos candidatos foi divulgada na \u00faltima sexta-feira (2) e est\u00e1 dispon\u00edvel para consulta no portal&nbsp;<a href=\"https:\/\/provaopaulistaseriado.vunesp.com.br\/\" target=\"_blank\" rel=\"noreferrer noopener\">https:\/\/provaopaulistaseriado.vunesp.com.br<\/a>\/. Nesta etapa, o cadastro \u00e9 exclusivamente online e obrigat\u00f3rio sob o risco de perda da vaga.<\/p>\n\n\n\n<p>Essa \u00e9 a segunda de tr\u00eas chamadas do Prov\u00e3o Paulista. As vagas s\u00e3o destinadas \u00e0 Universidade de S\u00e3o Paulo (USP), Universidade Estadual de Campinas (Unicamp), Universidade Estadual Paulista (Unesp) e Faculdades de Tecnologia do Estado de S\u00e3o Paulo (Fatecs) nos cursos com in\u00edcio neste primeiro semestre. Confira o calend\u00e1rio de cada institui\u00e7\u00e3o para essa etapa de matr\u00edculas:<\/p>\n\n\n\n<p>\u2022 Unesp: at\u00e9 6 de fevereiro, \u00e0s 23h59;<br>\u2022 USP: at\u00e9 6 de fevereiro, \u00e0s 16h;<br>\u2022 Unicamp: at\u00e9 6 de fevereiro, \u00e0s 17h;<br>\u2022 Fatecs: at\u00e9 6 de fevereiro, \u00e0s 23h59.<\/p>\n\n\n\n<p>Os alunos que conclu\u00edram a 3\u00aa s\u00e9rie nas redes estaduais e municipais de SP devem acessar o portal com nome e RA (registro do aluno). Candidatos de outras redes devem fornecer nome e CPF. A Secretaria orientou que todas as 3.600 escolas estaduais de Ensino M\u00e9dio estejam abertas e dispon\u00edveis para apoiar os aprovados no processo de matr\u00edcula online.<\/p>\n\n\n\n<p>A pr\u00f3xima e \u00faltima chamada unificada est\u00e1 prevista para a pr\u00f3xima sexta-feira (9). Neste primeiro semestre haver\u00e1, ainda, a convoca\u00e7\u00e3o de estudantes para todos os cursos da Univesp, uma vez que os cursos ter\u00e3o in\u00edcio no segundo semestre, e parte dos aprovados nas Fatecs, nos cursos que s\u00e3o ofertados a partir de agosto.<\/p>\n\n\n\n<p><strong>Bolsa aux\u00edlio<\/strong><\/p>\n\n\n\n<p>Calouros da USP, Unesp e Unicamp podem se beneficiar com bolsas de alimenta\u00e7\u00e3o, aux\u00edlio moradia e outras iniciativas que colaboram para a perman\u00eancia do estudante no ensino superior. As solicita\u00e7\u00f5es devem ser feitas no ato da matr\u00edcula, ou de acordo com calend\u00e1rio das universidades.<\/p>\n<input type=\"hidden\" id=\"baseurl\" value=\"https:\/\/noticiasregionais.com.br\"><input type=\"hidden\" id=\"audio_nonce\" value=\"533fbb67b1\">","protected":false},"excerpt":{"rendered":"<p>Lista foi divulgada na \u00faltima sexta-feira (2); vagas s\u00e3o destinadas a cursos na USP, Unesp, Unicamp e Fatecs Estudantes aprovados&hellip;<\/p>\n","protected":false},"author":1,"featured_media":1971,"comment_status":"closed","ping_status":"open","sticky":false,"template":"","format":"standard","meta":{"sfsi_plus_gutenberg_text_before_share":"","sfsi_plus_gutenberg_show_text_before_share":"","sfsi_plus_gutenberg_icon_type":"","sfsi_plus_gutenberg_icon_alignemt":"","sfsi_plus_gutenburg_max_per_row":"","footnotes":""},"categories":[6,10,1],"tags":[],"class_list":["post-1970","post","type-post","status-publish","format-standard","has-post-thumbnail","hentry","category-sao_paulo","category-destaques","category-noticias"],"_links":{"self":[{"href":"https:\/\/noticiasregionais.com.br\/index.php?rest_route=\/wp\/v2\/posts\/1970","targetHints":{"allow":["GET"]}}],"collection":[{"href":"https:\/\/noticiasregionais.com.br\/index.php?rest_route=\/wp\/v2\/posts"}],"about":[{"href":"https:\/\/noticiasregionais.com.br\/index.php?rest_route=\/wp\/v2\/types\/post"}],"author":[{"embeddable":true,"href":"https:\/\/noticiasregionais.com.br\/index.php?rest_route=\/wp\/v2\/users\/1"}],"replies":[{"embeddable":true,"href":"https:\/\/noticiasregionais.com.br\/index.php?rest_route=%2Fwp%2Fv2%2Fcomments&post=1970"}],"version-history":[{"count":1,"href":"https:\/\/noticiasregionais.com.br\/index.php?rest_route=\/wp\/v2\/posts\/1970\/revisions"}],"predecessor-version":[{"id":1972,"href":"https:\/\/noticiasregionais.com.br\/index.php?rest_route=\/wp\/v2\/posts\/1970\/revisions\/1972"}],"wp:featuredmedia":[{"embeddable":true,"href":"https:\/\/noticiasregionais.com.br\/index.php?rest_route=\/wp\/v2\/media\/1971"}],"wp:attachment":[{"href":"https:\/\/noticiasregionais.com.br\/index.php?rest_route=%2Fwp%2Fv2%2Fmedia&parent=1970"}],"wp:term":[{"taxonomy":"category","embeddable":true,"href":"https:\/\/noticiasregionais.com.br\/index.php?rest_route=%2Fwp%2Fv2%2Fcategories&post=1970"},{"taxonomy":"post_tag","embeddable":true,"href":"https:\/\/noticiasregionais.com.br\/index.php?rest_route=%2Fwp%2Fv2%2Ftags&post=1970"}],"curies":[{"name":"wp","href":"https:\/\/api.w.org\/{rel}","templated":true}]}}