{"id":1973,"date":"2024-02-07T14:13:09","date_gmt":"2024-02-07T17:13:09","guid":{"rendered":"https:\/\/noticiasregionais.com.br\/?p=1973"},"modified":"2024-02-07T14:13:12","modified_gmt":"2024-02-07T17:13:12","slug":"comtur-reelege-presidente-para-bienio-2024-2025","status":"publish","type":"post","link":"https:\/\/noticiasregionais.com.br\/?p=1973","title":{"rendered":"COMTUR reelege presidente para bi\u00eanio 2024-2025"},"content":{"rendered":"\n<p>No dia 17 de janeiro, o Conselho Municipal de Turismo (COMTUR) deu in\u00edcio ao ano com sua primeira reuni\u00e3o na sede da Secretaria de Desenvolvimento Econ\u00f4mico, Trabalho e Turismo. O encontro foi para definir a elei\u00e7\u00e3o para a presid\u00eancia, bi\u00eanio 2024-2025.<\/p>\n\n\n\n<p>A atual presidente, Christiane Bombonatti Faria Mendon\u00e7a, recebeu o voto un\u00e2nime dos membros presentes, consolidando sua recondu\u00e7\u00e3o ao cargo para mais um mandato \u00e0 frente da presid\u00eancia do COMTUR, bi\u00eanio 2024-2025. Participaram da composi\u00e7\u00e3o da mesa de autoridades, o secret\u00e1rio adjunto da SEDETT, Gerson Tsunoce, o assessor Andr\u00e9 Paladino e o representante da ACE, Fredn\u00eas Corr\u00eaa Leite.<\/p>\n\n\n\n<p>Em sua fala de posse, Christiane, agradeceu o voto de confian\u00e7a e definiu novas metas, a\u00e7\u00f5es e projetos para movimentar a economia da cidade, num trabalho conjunto para fortalecer o turismo local. \u201c\u00c9 um privil\u00e9gio continuar \u00e0 frente do COMTUR e com nossos conselheiros, vamos trabalhar para garantir que nossa cidade cada vez mais tenha atrativos tur\u00edsticos diferenciados e incr\u00edveis\u201d, afirmou Bombonatti, que j\u00e1 planeja novas iniciativas e parcerias para alavancar o setor nos pr\u00f3ximos dois anos.<\/p>\n\n\n\n<p>As reuni\u00f5es do COMTUR s\u00e3o mensais e a pr\u00f3xima est\u00e1 marcada ap\u00f3s o carnaval, para dar continuidade a a\u00e7\u00e3o de fortalecimento do turismo local nos pr\u00f3ximos anos.<\/p>\n<input type=\"hidden\" id=\"baseurl\" value=\"https:\/\/noticiasregionais.com.br\"><input type=\"hidden\" id=\"audio_nonce\" value=\"533fbb67b1\">","protected":false},"excerpt":{"rendered":"<p>No dia 17 de janeiro, o Conselho Municipal de Turismo (COMTUR) deu in\u00edcio ao ano com sua primeira reuni\u00e3o na&hellip;<\/p>\n","protected":false},"author":1,"featured_media":1974,"comment_status":"closed","ping_status":"open","sticky":false,"template":"","format":"standard","meta":{"sfsi_plus_gutenberg_text_before_share":"","sfsi_plus_gutenberg_show_text_before_share":"","sfsi_plus_gutenberg_icon_type":"","sfsi_plus_gutenberg_icon_alignemt":"","sfsi_plus_gutenburg_max_per_row":"","footnotes":""},"categories":[5,12,1],"tags":[],"class_list":["post-1973","post","type-post","status-publish","format-standard","has-post-thumbnail","hentry","category-ourinhos","category-capa","category-noticias"],"_links":{"self":[{"href":"https:\/\/noticiasregionais.com.br\/index.php?rest_route=\/wp\/v2\/posts\/1973","targetHints":{"allow":["GET"]}}],"collection":[{"href":"https:\/\/noticiasregionais.com.br\/index.php?rest_route=\/wp\/v2\/posts"}],"about":[{"href":"https:\/\/noticiasregionais.com.br\/index.php?rest_route=\/wp\/v2\/types\/post"}],"author":[{"embeddable":true,"href":"https:\/\/noticiasregionais.com.br\/index.php?rest_route=\/wp\/v2\/users\/1"}],"replies":[{"embeddable":true,"href":"https:\/\/noticiasregionais.com.br\/index.php?rest_route=%2Fwp%2Fv2%2Fcomments&post=1973"}],"version-history":[{"count":1,"href":"https:\/\/noticiasregionais.com.br\/index.php?rest_route=\/wp\/v2\/posts\/1973\/revisions"}],"predecessor-version":[{"id":1975,"href":"https:\/\/noticiasregionais.com.br\/index.php?rest_route=\/wp\/v2\/posts\/1973\/revisions\/1975"}],"wp:featuredmedia":[{"embeddable":true,"href":"https:\/\/noticiasregionais.com.br\/index.php?rest_route=\/wp\/v2\/media\/1974"}],"wp:attachment":[{"href":"https:\/\/noticiasregionais.com.br\/index.php?rest_route=%2Fwp%2Fv2%2Fmedia&parent=1973"}],"wp:term":[{"taxonomy":"category","embeddable":true,"href":"https:\/\/noticiasregionais.com.br\/index.php?rest_route=%2Fwp%2Fv2%2Fcategories&post=1973"},{"taxonomy":"post_tag","embeddable":true,"href":"https:\/\/noticiasregionais.com.br\/index.php?rest_route=%2Fwp%2Fv2%2Ftags&post=1973"}],"curies":[{"name":"wp","href":"https:\/\/api.w.org\/{rel}","templated":true}]}}