{"id":1976,"date":"2024-02-08T18:53:41","date_gmt":"2024-02-08T21:53:41","guid":{"rendered":"https:\/\/noticiasregionais.com.br\/?p=1976"},"modified":"2024-02-08T18:55:23","modified_gmt":"2024-02-08T21:55:23","slug":"mais-de-98-mil-alunos-retornaram-as-aulas-nesta-segunda-feira-05","status":"publish","type":"post","link":"https:\/\/noticiasregionais.com.br\/?p=1976","title":{"rendered":"Mais de 9,8 mil alunos retornaram \u00e0s aulas nesta segunda-feira (05)"},"content":{"rendered":"\n<p>Mais de 9,8 mil alunos retornaram \u00e0s aulas nesta segunda-feira (05) nas 45 escolas da rede Municipal de Ourinhos. A Secretaria de Educa\u00e7\u00e3o preparou todos os detalhes para receber os estudantes, garantindo nova pintura, reparos diversos, al\u00e9m da ro\u00e7ada de mato. Em mais um ano, os estudantes podem contar com uma Educa\u00e7\u00e3o Qualidade.<\/p>\n\n\n\n<p>Desde 2017, a administra\u00e7\u00e3o do prefeito Lucas Pocay tem investido em diversas iniciativas na \u00e1rea da Educa\u00e7\u00e3o, fornecendo diariamente mais de 26 mil refei\u00e7\u00f5es, elaboradas por um grupo de nutricionistas, transporte gratuito para mais de 2.400 alunos, aulas de rob\u00f3tica do primeiro ao sexto ano, material socioemocional para o desenvolvimento de habilidades, uniformes de inverno e ver\u00e3o, mesas interativas, entre muitas a\u00e7\u00f5es.<\/p>\n\n\n\n<p>A gest\u00e3o mant\u00e9m seu compromisso em proporcionar uma educa\u00e7\u00e3o de qualidade, promovendo um ambiente prop\u00edcio ao desenvolvimento integral dos estudantes.<\/p>\n\n\n\n<p><sub><strong>fonte: Secretaria de Comunica\u00e7\u00e3o da Prefeitura Municipal de Ourinhos<\/strong><\/sub><\/p>\n<input type=\"hidden\" id=\"baseurl\" value=\"https:\/\/noticiasregionais.com.br\"><input type=\"hidden\" id=\"audio_nonce\" value=\"533fbb67b1\">","protected":false},"excerpt":{"rendered":"<p>Mais de 9,8 mil alunos retornaram \u00e0s aulas nesta segunda-feira (05) nas 45 escolas da rede Municipal de Ourinhos. A&hellip;<\/p>\n","protected":false},"author":1,"featured_media":1979,"comment_status":"closed","ping_status":"open","sticky":false,"template":"","format":"standard","meta":{"sfsi_plus_gutenberg_text_before_share":"","sfsi_plus_gutenberg_show_text_before_share":"","sfsi_plus_gutenberg_icon_type":"","sfsi_plus_gutenberg_icon_alignemt":"","sfsi_plus_gutenburg_max_per_row":"","footnotes":""},"categories":[5,10,1],"tags":[],"class_list":["post-1976","post","type-post","status-publish","format-standard","has-post-thumbnail","hentry","category-ourinhos","category-destaques","category-noticias"],"_links":{"self":[{"href":"https:\/\/noticiasregionais.com.br\/index.php?rest_route=\/wp\/v2\/posts\/1976","targetHints":{"allow":["GET"]}}],"collection":[{"href":"https:\/\/noticiasregionais.com.br\/index.php?rest_route=\/wp\/v2\/posts"}],"about":[{"href":"https:\/\/noticiasregionais.com.br\/index.php?rest_route=\/wp\/v2\/types\/post"}],"author":[{"embeddable":true,"href":"https:\/\/noticiasregionais.com.br\/index.php?rest_route=\/wp\/v2\/users\/1"}],"replies":[{"embeddable":true,"href":"https:\/\/noticiasregionais.com.br\/index.php?rest_route=%2Fwp%2Fv2%2Fcomments&post=1976"}],"version-history":[{"count":1,"href":"https:\/\/noticiasregionais.com.br\/index.php?rest_route=\/wp\/v2\/posts\/1976\/revisions"}],"predecessor-version":[{"id":1978,"href":"https:\/\/noticiasregionais.com.br\/index.php?rest_route=\/wp\/v2\/posts\/1976\/revisions\/1978"}],"wp:featuredmedia":[{"embeddable":true,"href":"https:\/\/noticiasregionais.com.br\/index.php?rest_route=\/wp\/v2\/media\/1979"}],"wp:attachment":[{"href":"https:\/\/noticiasregionais.com.br\/index.php?rest_route=%2Fwp%2Fv2%2Fmedia&parent=1976"}],"wp:term":[{"taxonomy":"category","embeddable":true,"href":"https:\/\/noticiasregionais.com.br\/index.php?rest_route=%2Fwp%2Fv2%2Fcategories&post=1976"},{"taxonomy":"post_tag","embeddable":true,"href":"https:\/\/noticiasregionais.com.br\/index.php?rest_route=%2Fwp%2Fv2%2Ftags&post=1976"}],"curies":[{"name":"wp","href":"https:\/\/api.w.org\/{rel}","templated":true}]}}