{"id":198,"date":"2023-09-04T19:34:21","date_gmt":"2023-09-04T22:34:21","guid":{"rendered":"https:\/\/noticiasregionais.com.br\/?p=198"},"modified":"2023-09-04T19:34:21","modified_gmt":"2023-09-04T22:34:21","slug":"jovens-sao-assassinados-a-facadas-enquanto-dormiam-em-londrina-pr","status":"publish","type":"post","link":"https:\/\/noticiasregionais.com.br\/?p=198","title":{"rendered":"Jovens s\u00e3o assassinados a facadas enquanto dormiam em Londrina (PR)"},"content":{"rendered":"\n<p>Dois jovens foram mortos a facadas enquanto dormiam na manh\u00e3 deste domingo (3). O suspeito, de 23 anos, invadiu a resid\u00eancia e atacou tr\u00eas jovens que estavam no local. O homem foi preso pela pol\u00edcia horas depois, de acordo com reportagem da RPC TV, afiliada \u00e0 TV Globo.<\/p>\n\n\n\n<p>Na casa estavam J\u00falia Beatriz Garbossi Silva, de 23 anos, uma amiga, que n\u00e3o teve a identidade revelada pela pol\u00edcia, e o namorado dela, Daniel Takashi, de 22 anos. O caso aconteceu por volta de 6h15.<\/p>\n\n\n\n<p>J\u00falia e Daniel morreram no local do crime, a casa na qual as jovens moravam juntas, localizada no bairro Jardim Jamaica, em Londrina (Paran\u00e1). A motiva\u00e7\u00e3o do crime ainda n\u00e3o foi esclarecida.<\/p>\n\n\n\n<p>J\u00e1 a amiga de J\u00falia tamb\u00e9m foi ferida e levada pelo suspeito at\u00e9 uma UPA (Unidade de Pronto-Atendimento). O homem seria colega de trabalho dela, que informou \u00e0 pol\u00edcia que os dois nunca tiveram um relacionamento.<\/p>\n\n\n\n<p>Na unidade de sa\u00fade, o homem mentiu dizendo que ele e a jovem haviam sido v\u00edtimas de uma tentativa de assalto. A estudante, por\u00e9m, contou a vers\u00e3o do ataque e a Pol\u00edcia Militar foi acionada, conforme explicou o delegado do caso, Jo\u00e3o Reis.<\/p>\n\n\n\n<p>O suspeito foi preso e, com ele, foram encontrados uma faca e um canivete. Ele ficou em sil\u00eancio diante do delegado, passou por audi\u00eancia de cust\u00f3dia e teve a pris\u00e3o preventiva decretada. A reportagem tenta localizar a defesa do suspeito.<\/p>\n\n\n\n<p>Jovens eram alunas da UEL<br>J\u00falia cursava Ci\u00eancias Sociais na UEL (Universidade Estadual de Londrina). Ela foi sepultada na manh\u00e3 desta segunda-feira (4).<\/p>\n\n\n\n<p>A amiga ferida estuda Artes C\u00eanicas na mesma universidade. O estado de sa\u00fade dela n\u00e3o foi informado.<\/p>\n\n\n\n<p>A UEL divulgou uma nota de pesar pela morte de Julia e ofereceu &#8220;todo suporte e acolhimento necess\u00e1rios aos colegas de turma e demais membros da comunidade universit\u00e1ria&#8221;.<\/p>\n\n\n\n<p>&#8220;Nesta segunda (4), as aulas de gradua\u00e7\u00e3o no CLCH foram suspensas em respeito ao luto pelo falecimento da estudante. Expressamos nossos sentimentos de pesar a todos os envolvidos e \u00e0 comunidade universit\u00e1ria da UEL como um todo. Que possamos encontrar for\u00e7as e solidariedade para enfrentar esse momento de dor e tristeza juntos&#8221;, afirmou a UEL em nota de pesar.<\/p>\n<input type=\"hidden\" id=\"baseurl\" value=\"https:\/\/noticiasregionais.com.br\"><input type=\"hidden\" id=\"audio_nonce\" value=\"533fbb67b1\">","protected":false},"excerpt":{"rendered":"<p>Dois jovens foram mortos a facadas enquanto dormiam na manh\u00e3 deste domingo (3). O suspeito, de 23 anos, invadiu a&hellip;<\/p>\n","protected":false},"author":1,"featured_media":199,"comment_status":"closed","ping_status":"open","sticky":false,"template":"","format":"standard","meta":{"sfsi_plus_gutenberg_text_before_share":"","sfsi_plus_gutenberg_show_text_before_share":"","sfsi_plus_gutenberg_icon_type":"","sfsi_plus_gutenberg_icon_alignemt":"","sfsi_plus_gutenburg_max_per_row":"","footnotes":""},"categories":[10,1,7],"tags":[],"class_list":["post-198","post","type-post","status-publish","format-standard","has-post-thumbnail","hentry","category-destaques","category-noticias","category-parana"],"_links":{"self":[{"href":"https:\/\/noticiasregionais.com.br\/index.php?rest_route=\/wp\/v2\/posts\/198","targetHints":{"allow":["GET"]}}],"collection":[{"href":"https:\/\/noticiasregionais.com.br\/index.php?rest_route=\/wp\/v2\/posts"}],"about":[{"href":"https:\/\/noticiasregionais.com.br\/index.php?rest_route=\/wp\/v2\/types\/post"}],"author":[{"embeddable":true,"href":"https:\/\/noticiasregionais.com.br\/index.php?rest_route=\/wp\/v2\/users\/1"}],"replies":[{"embeddable":true,"href":"https:\/\/noticiasregionais.com.br\/index.php?rest_route=%2Fwp%2Fv2%2Fcomments&post=198"}],"version-history":[{"count":1,"href":"https:\/\/noticiasregionais.com.br\/index.php?rest_route=\/wp\/v2\/posts\/198\/revisions"}],"predecessor-version":[{"id":200,"href":"https:\/\/noticiasregionais.com.br\/index.php?rest_route=\/wp\/v2\/posts\/198\/revisions\/200"}],"wp:featuredmedia":[{"embeddable":true,"href":"https:\/\/noticiasregionais.com.br\/index.php?rest_route=\/wp\/v2\/media\/199"}],"wp:attachment":[{"href":"https:\/\/noticiasregionais.com.br\/index.php?rest_route=%2Fwp%2Fv2%2Fmedia&parent=198"}],"wp:term":[{"taxonomy":"category","embeddable":true,"href":"https:\/\/noticiasregionais.com.br\/index.php?rest_route=%2Fwp%2Fv2%2Fcategories&post=198"},{"taxonomy":"post_tag","embeddable":true,"href":"https:\/\/noticiasregionais.com.br\/index.php?rest_route=%2Fwp%2Fv2%2Ftags&post=198"}],"curies":[{"name":"wp","href":"https:\/\/api.w.org\/{rel}","templated":true}]}}