{"id":1985,"date":"2024-02-08T19:22:02","date_gmt":"2024-02-08T22:22:02","guid":{"rendered":"https:\/\/noticiasregionais.com.br\/?p=1985"},"modified":"2024-02-08T19:22:04","modified_gmt":"2024-02-08T22:22:04","slug":"ourinhos-se-prepara-para-o-folia-2024-com-interdicao-de-vias-importantes","status":"publish","type":"post","link":"https:\/\/noticiasregionais.com.br\/?p=1985","title":{"rendered":"Ourinhos se Prepara para o Folia 2024 com Interdi\u00e7\u00e3o de Vias Importantes"},"content":{"rendered":"\n<p>A Prefeitura de Ourinhos, atrav\u00e9s da Secretaria Municipal de Desenvolvimento Urbano, Mobilidade e Licenciamento, e da Diretoria de Engenharia de Tr\u00e1fego, anunciou importantes interdi\u00e7\u00f5es de vias no centro da cidade, em virtude do evento Ourinhos Folia 2024.<\/p>\n\n\n\n<p><strong>Interdi\u00e7\u00f5es Programadas<\/strong><\/p>\n\n\n\n<p>As ruas do cora\u00e7\u00e3o de Ourinhos sofrer\u00e3o altera\u00e7\u00f5es significativas no seu fluxo usual de ve\u00edculos. A interdi\u00e7\u00e3o acontecer\u00e1 na Rua Henrique Tocalino, especificamente no trecho entre as Ruas Antonio Prado e Paran\u00e1, pr\u00f3ximo ao Terminal Rodovi\u00e1rio central, afetando diretamente a mobilidade na regi\u00e3o. As medidas ser\u00e3o aplicadas do dia 9 ao dia 14 de fevereiro, com as vias fechadas 24h.<\/p>\n\n\n\n<p><strong>Motivo da Interdi\u00e7\u00e3o<\/strong><\/p>\n\n\n\n<p>O fechamento das vias tem como principal objetivo a montagem do palco e a realiza\u00e7\u00e3o do Ourinhos Folia 2024, prometendo trazer alegria e divers\u00e3o aos moradores e visitantes. Importante destacar que os eventos programados ocorrer\u00e3o nos dias 10, 11 e 12 de fevereiro, enquanto os dias 9, 13 e 14 ser\u00e3o dedicados, respectivamente, \u00e0 montagem e \u00e0 desmontagem da estrutura necess\u00e1ria para o evento.<\/p>\n\n\n\n<p><strong>Recomenda\u00e7\u00f5es aos Motoristas<\/strong><\/p>\n\n\n\n<p>A Prefeitura agradece a compreens\u00e3o e colabora\u00e7\u00e3o de todos e recomenda que motoristas planejem rotas alternativas durante o per\u00edodo de interdi\u00e7\u00e3o. A expectativa \u00e9 que, com planejamento e comunica\u00e7\u00e3o eficiente, o impacto no tr\u00e2nsito local seja minimizado, permitindo que o Ourinhos Folia 2024 ocorra com sucesso e seguran\u00e7a.<\/p>\n\n\n\n<p><strong>A Festa Promete<\/strong><\/p>\n\n\n\n<p>Ourinhos se prepara para realizar a festa, prometendo muita m\u00fasica, dan\u00e7a e alegria para todos os p\u00fablicos. A Prefeitura de Ourinhos convida todos a participarem do Ourinhos Folia 2024 e a celebrarem juntos essa grande festa, respeitando as orienta\u00e7\u00f5es de tr\u00e2nsito e contribuindo para o sucesso do evento.<\/p>\n<input type=\"hidden\" id=\"baseurl\" value=\"https:\/\/noticiasregionais.com.br\"><input type=\"hidden\" id=\"audio_nonce\" value=\"3cdc555a10\">","protected":false},"excerpt":{"rendered":"<p>A Prefeitura de Ourinhos, atrav\u00e9s da Secretaria Municipal de Desenvolvimento Urbano, Mobilidade e Licenciamento, e da Diretoria de Engenharia de&hellip;<\/p>\n","protected":false},"author":1,"featured_media":1986,"comment_status":"closed","ping_status":"open","sticky":false,"template":"","format":"standard","meta":{"sfsi_plus_gutenberg_text_before_share":"","sfsi_plus_gutenberg_show_text_before_share":"","sfsi_plus_gutenberg_icon_type":"","sfsi_plus_gutenberg_icon_alignemt":"","sfsi_plus_gutenburg_max_per_row":"","footnotes":""},"categories":[5,10,1],"tags":[],"class_list":["post-1985","post","type-post","status-publish","format-standard","has-post-thumbnail","hentry","category-ourinhos","category-destaques","category-noticias"],"_links":{"self":[{"href":"https:\/\/noticiasregionais.com.br\/index.php?rest_route=\/wp\/v2\/posts\/1985","targetHints":{"allow":["GET"]}}],"collection":[{"href":"https:\/\/noticiasregionais.com.br\/index.php?rest_route=\/wp\/v2\/posts"}],"about":[{"href":"https:\/\/noticiasregionais.com.br\/index.php?rest_route=\/wp\/v2\/types\/post"}],"author":[{"embeddable":true,"href":"https:\/\/noticiasregionais.com.br\/index.php?rest_route=\/wp\/v2\/users\/1"}],"replies":[{"embeddable":true,"href":"https:\/\/noticiasregionais.com.br\/index.php?rest_route=%2Fwp%2Fv2%2Fcomments&post=1985"}],"version-history":[{"count":1,"href":"https:\/\/noticiasregionais.com.br\/index.php?rest_route=\/wp\/v2\/posts\/1985\/revisions"}],"predecessor-version":[{"id":1987,"href":"https:\/\/noticiasregionais.com.br\/index.php?rest_route=\/wp\/v2\/posts\/1985\/revisions\/1987"}],"wp:featuredmedia":[{"embeddable":true,"href":"https:\/\/noticiasregionais.com.br\/index.php?rest_route=\/wp\/v2\/media\/1986"}],"wp:attachment":[{"href":"https:\/\/noticiasregionais.com.br\/index.php?rest_route=%2Fwp%2Fv2%2Fmedia&parent=1985"}],"wp:term":[{"taxonomy":"category","embeddable":true,"href":"https:\/\/noticiasregionais.com.br\/index.php?rest_route=%2Fwp%2Fv2%2Fcategories&post=1985"},{"taxonomy":"post_tag","embeddable":true,"href":"https:\/\/noticiasregionais.com.br\/index.php?rest_route=%2Fwp%2Fv2%2Ftags&post=1985"}],"curies":[{"name":"wp","href":"https:\/\/api.w.org\/{rel}","templated":true}]}}