{"id":1988,"date":"2024-02-08T19:34:08","date_gmt":"2024-02-08T22:34:08","guid":{"rendered":"https:\/\/noticiasregionais.com.br\/?p=1988"},"modified":"2024-02-08T19:34:20","modified_gmt":"2024-02-08T22:34:20","slug":"forcas-policiais-desmantelam-esquema-de-trafico-de-drogas-com-auxilio-de-cao-farejador","status":"publish","type":"post","link":"https:\/\/noticiasregionais.com.br\/?p=1988","title":{"rendered":"For\u00e7as pol\u00edciais desmantelam esquema de tr\u00e1fico de drogas com Aux\u00edlio de C\u00e3o Farejador"},"content":{"rendered":"\n<p>Em uma opera\u00e7\u00e3o not\u00e1vel no combate ao tr\u00e1fico de drogas, as for\u00e7as policiais, no interior de S\u00e3o Paulo, obtiveram um sucesso significativo nesta quarta-feira, 7 de fevereiro de 2024. A a\u00e7\u00e3o contou com a participa\u00e7\u00e3o especial do K9 Grey, um c\u00e3o farejador pertencente ao 13\u00ba Batalh\u00e3o de A\u00e7\u00f5es Especiais de Pol\u00edcia (BAEP), que desempenhou um papel crucial na identifica\u00e7\u00e3o de subst\u00e2ncias il\u00edcitas escondidas.<\/p>\n\n\n\n<p>O epis\u00f3dio ocorreu por volta das 15h30, na Rua Miguel Durante Sobrinho, no bairro Jardim Anchieta, onde equipes de For\u00e7a T\u00e1tica do 31\u00b0 Batalh\u00e3o de Pol\u00edcia Militar do Interior (BPM\/I) e agentes da Delegacia de Investiga\u00e7\u00e3o sobre Entorpecentes (DISE) se uniram \u00e0 equipe K9 em uma opera\u00e7\u00e3o conjunta. A a\u00e7\u00e3o foi motivada por informa\u00e7\u00f5es que apontavam a resid\u00eancia em quest\u00e3o como um ponto de armazenamento de drogas pertencentes a um traficante recentemente preso.<\/p>\n\n\n\n<p>Durante a busca, Grey, o c\u00e3o farejador, indicou a presen\u00e7a de narc\u00f3ticos ocultos dentro de um m\u00f3vel no quarto da casa. Gra\u00e7as a essa interven\u00e7\u00e3o precisa, as autoridades conseguiram apreender 226 gramas de crack, 51 gramas de haxixe, al\u00e9m de muni\u00e7\u00e3o calibre 38 e uma balan\u00e7a digital de precis\u00e3o. Os itens apreendidos s\u00e3o evid\u00eancias cruciais da opera\u00e7\u00e3o de tr\u00e1fico de drogas operada pelo suspeito, que j\u00e1 estava sob cust\u00f3dia policial por envolvimento anterior em atividades semelhantes.<\/p>\n\n\n\n<p>A opera\u00e7\u00e3o desta quarta-feira destaca a import\u00e2ncia e a efic\u00e1cia do uso de c\u00e3es farejadores em opera\u00e7\u00f5es policiais, especialmente no combate ao tr\u00e1fico de drogas. O olfato agu\u00e7ado de animais como Grey permite que as autoridades localizem subst\u00e2ncias proibidas que muitas vezes est\u00e3o escondidas de maneira que passariam despercebidas pelos m\u00e9todos de busca convencionais.<\/p>\n\n\n\n<p>Ap\u00f3s a apreens\u00e3o, o caso foi encaminhado \u00e0 DISE de Ourinhos, onde ser\u00e3o tomadas as medidas legais subsequentes. A opera\u00e7\u00e3o refor\u00e7a o compromisso das for\u00e7as de seguran\u00e7a p\u00fablica na luta contra o tr\u00e1fico de drogas e na prote\u00e7\u00e3o da comunidade contra os efeitos devastadores dessa pr\u00e1tica il\u00edcita.<\/p>\n\n\n<div class=\"wp-block-image\">\n<figure class=\"aligncenter size-large\"><img decoding=\"async\" width=\"460\" height=\"1024\" src=\"https:\/\/noticiasregionais.com.br\/wp-content\/uploads\/2024\/02\/WhatsApp-Image-2024-02-08-at-10.32.32-460x1024.jpeg\" alt=\"\" class=\"wp-image-1989\" srcset=\"https:\/\/noticiasregionais.com.br\/wp-content\/uploads\/2024\/02\/WhatsApp-Image-2024-02-08-at-10.32.32-460x1024.jpeg 460w, https:\/\/noticiasregionais.com.br\/wp-content\/uploads\/2024\/02\/WhatsApp-Image-2024-02-08-at-10.32.32-135x300.jpeg 135w, https:\/\/noticiasregionais.com.br\/wp-content\/uploads\/2024\/02\/WhatsApp-Image-2024-02-08-at-10.32.32-690x1536.jpeg 690w, https:\/\/noticiasregionais.com.br\/wp-content\/uploads\/2024\/02\/WhatsApp-Image-2024-02-08-at-10.32.32.jpeg 719w\" sizes=\"(max-width: 460px) 100vw, 460px\" \/><\/figure>\n<\/div><input type=\"hidden\" id=\"baseurl\" value=\"https:\/\/noticiasregionais.com.br\"><input type=\"hidden\" id=\"audio_nonce\" value=\"3cdc555a10\">","protected":false},"excerpt":{"rendered":"<p>Em uma opera\u00e7\u00e3o not\u00e1vel no combate ao tr\u00e1fico de drogas, as for\u00e7as policiais, no interior de S\u00e3o Paulo, obtiveram um&hellip;<\/p>\n","protected":false},"author":1,"featured_media":1990,"comment_status":"closed","ping_status":"open","sticky":false,"template":"","format":"standard","meta":{"sfsi_plus_gutenberg_text_before_share":"","sfsi_plus_gutenberg_show_text_before_share":"","sfsi_plus_gutenberg_icon_type":"","sfsi_plus_gutenberg_icon_alignemt":"","sfsi_plus_gutenburg_max_per_row":"","footnotes":""},"categories":[5,12,1],"tags":[],"class_list":["post-1988","post","type-post","status-publish","format-standard","has-post-thumbnail","hentry","category-ourinhos","category-capa","category-noticias"],"_links":{"self":[{"href":"https:\/\/noticiasregionais.com.br\/index.php?rest_route=\/wp\/v2\/posts\/1988","targetHints":{"allow":["GET"]}}],"collection":[{"href":"https:\/\/noticiasregionais.com.br\/index.php?rest_route=\/wp\/v2\/posts"}],"about":[{"href":"https:\/\/noticiasregionais.com.br\/index.php?rest_route=\/wp\/v2\/types\/post"}],"author":[{"embeddable":true,"href":"https:\/\/noticiasregionais.com.br\/index.php?rest_route=\/wp\/v2\/users\/1"}],"replies":[{"embeddable":true,"href":"https:\/\/noticiasregionais.com.br\/index.php?rest_route=%2Fwp%2Fv2%2Fcomments&post=1988"}],"version-history":[{"count":1,"href":"https:\/\/noticiasregionais.com.br\/index.php?rest_route=\/wp\/v2\/posts\/1988\/revisions"}],"predecessor-version":[{"id":1991,"href":"https:\/\/noticiasregionais.com.br\/index.php?rest_route=\/wp\/v2\/posts\/1988\/revisions\/1991"}],"wp:featuredmedia":[{"embeddable":true,"href":"https:\/\/noticiasregionais.com.br\/index.php?rest_route=\/wp\/v2\/media\/1990"}],"wp:attachment":[{"href":"https:\/\/noticiasregionais.com.br\/index.php?rest_route=%2Fwp%2Fv2%2Fmedia&parent=1988"}],"wp:term":[{"taxonomy":"category","embeddable":true,"href":"https:\/\/noticiasregionais.com.br\/index.php?rest_route=%2Fwp%2Fv2%2Fcategories&post=1988"},{"taxonomy":"post_tag","embeddable":true,"href":"https:\/\/noticiasregionais.com.br\/index.php?rest_route=%2Fwp%2Fv2%2Ftags&post=1988"}],"curies":[{"name":"wp","href":"https:\/\/api.w.org\/{rel}","templated":true}]}}