{"id":1992,"date":"2024-02-08T19:43:05","date_gmt":"2024-02-08T22:43:05","guid":{"rendered":"https:\/\/noticiasregionais.com.br\/?p=1992"},"modified":"2024-02-08T19:43:08","modified_gmt":"2024-02-08T22:43:08","slug":"operacao-na-divineia-em-santa-cruz-do-rio-pardo-prende-casal-com-drogas-e-bastante-dinheiro","status":"publish","type":"post","link":"https:\/\/noticiasregionais.com.br\/?p=1992","title":{"rendered":"Opera\u00e7\u00e3o na Divin\u00e9ia em Santa Cruz do Rio Pardo prende casal com drogas e bastante dinheiro"},"content":{"rendered":"\n<p>Em uma bem-sucedida opera\u00e7\u00e3o contra o tr\u00e1fico de drogas, a Pol\u00edcia Militar, atrav\u00e9s da Equipe K9 do 13\u00ba Batalh\u00e3o de A\u00e7\u00f5es Especiais de Pol\u00edcia (BAEP), em conjunto com a Delegacia de Investiga\u00e7\u00f5es sobre Entorpecentes (DISE), efetuou a pris\u00e3o de dois indiv\u00edduos acusados de operar uma rede de tr\u00e1fico na Vila Divin\u00e9ia, em Santa Cruz do Rio Pardo, S\u00e3o Paulo. O evento ocorreu na manh\u00e3 do dia 7 de fevereiro de 2024, precisamente \u00e0s 07h20, em uma resid\u00eancia localizada na Rua Duque de Caxias.<\/p>\n\n\n\n<p>Os detidos, identificados como A.K.M.L., de 35 anos, e W.S., de 28 anos, foram acusados pelos crimes de Tr\u00e1fico de Drogas e Associa\u00e7\u00e3o para o Tr\u00e1fico, ap\u00f3s uma s\u00e9rie de investiga\u00e7\u00f5es que apontaram o casal como respons\u00e1veis por uma parcela significativa da distribui\u00e7\u00e3o de entorpecentes na regi\u00e3o.<\/p>\n\n\n\n<p>A a\u00e7\u00e3o foi resultado de um meticuloso trabalho de satura\u00e7\u00e3o e coleta de informa\u00e7\u00f5es, culminando no cumprimento de um Mandado de Busca e Apreens\u00e3o na resid\u00eancia dos acusados. O ponto alto da opera\u00e7\u00e3o foi a participa\u00e7\u00e3o de Draco, um c\u00e3o farejador do BAEP, cuja habilidade excepcional em detectar drogas foi fundamental para o sucesso da miss\u00e3o. Gra\u00e7as \u00e0 atua\u00e7\u00e3o de Draco, as autoridades conseguiram localizar e apreender uma quantidade significativa de crack, al\u00e9m de uma soma de R$ 7.257,00 em dinheiro, suspeita de ser proveniente da atividade il\u00edcita do casal.<\/p>\n\n\n\n<p>Os detidos foram conduzidos \u00e0 DISE de Ourinhos, onde permaneceram \u00e0 disposi\u00e7\u00e3o da Justi\u00e7a. A opera\u00e7\u00e3o marca mais um avan\u00e7o significativo no combate ao tr\u00e1fico de drogas na regi\u00e3o, destacando o papel crucial das unidades K9 e a import\u00e2ncia da integra\u00e7\u00e3o entre diferentes for\u00e7as policiais na luta contra o crime organizado.<\/p>\n\n\n\n<p>A a\u00e7\u00e3o n\u00e3o s\u00f3 retirou de circula\u00e7\u00e3o subst\u00e2ncias nocivas e indiv\u00edduos perigosos, mas tamb\u00e9m refor\u00e7ou a seguran\u00e7a da comunidade local, demonstrando o comprometimento e a efic\u00e1cia das autoridades no combate \u00e0 criminalidade. A comunidade de Santa Cruz do Rio Pardo e regi\u00e3o pode se sentir mais segura sabendo do trabalho incans\u00e1vel das for\u00e7as de seguran\u00e7a em proteger a sociedade contra os malef\u00edcios do tr\u00e1fico de drogas.<\/p>\n<input type=\"hidden\" id=\"baseurl\" value=\"https:\/\/noticiasregionais.com.br\"><input type=\"hidden\" id=\"audio_nonce\" value=\"533fbb67b1\">","protected":false},"excerpt":{"rendered":"<p>Em uma bem-sucedida opera\u00e7\u00e3o contra o tr\u00e1fico de drogas, a Pol\u00edcia Militar, atrav\u00e9s da Equipe K9 do 13\u00ba Batalh\u00e3o de&hellip;<\/p>\n","protected":false},"author":1,"featured_media":1993,"comment_status":"closed","ping_status":"open","sticky":false,"template":"","format":"standard","meta":{"sfsi_plus_gutenberg_text_before_share":"","sfsi_plus_gutenberg_show_text_before_share":"","sfsi_plus_gutenberg_icon_type":"","sfsi_plus_gutenberg_icon_alignemt":"","sfsi_plus_gutenburg_max_per_row":"","footnotes":""},"categories":[6,10,1],"tags":[],"class_list":["post-1992","post","type-post","status-publish","format-standard","has-post-thumbnail","hentry","category-sao_paulo","category-destaques","category-noticias"],"_links":{"self":[{"href":"https:\/\/noticiasregionais.com.br\/index.php?rest_route=\/wp\/v2\/posts\/1992","targetHints":{"allow":["GET"]}}],"collection":[{"href":"https:\/\/noticiasregionais.com.br\/index.php?rest_route=\/wp\/v2\/posts"}],"about":[{"href":"https:\/\/noticiasregionais.com.br\/index.php?rest_route=\/wp\/v2\/types\/post"}],"author":[{"embeddable":true,"href":"https:\/\/noticiasregionais.com.br\/index.php?rest_route=\/wp\/v2\/users\/1"}],"replies":[{"embeddable":true,"href":"https:\/\/noticiasregionais.com.br\/index.php?rest_route=%2Fwp%2Fv2%2Fcomments&post=1992"}],"version-history":[{"count":1,"href":"https:\/\/noticiasregionais.com.br\/index.php?rest_route=\/wp\/v2\/posts\/1992\/revisions"}],"predecessor-version":[{"id":1994,"href":"https:\/\/noticiasregionais.com.br\/index.php?rest_route=\/wp\/v2\/posts\/1992\/revisions\/1994"}],"wp:featuredmedia":[{"embeddable":true,"href":"https:\/\/noticiasregionais.com.br\/index.php?rest_route=\/wp\/v2\/media\/1993"}],"wp:attachment":[{"href":"https:\/\/noticiasregionais.com.br\/index.php?rest_route=%2Fwp%2Fv2%2Fmedia&parent=1992"}],"wp:term":[{"taxonomy":"category","embeddable":true,"href":"https:\/\/noticiasregionais.com.br\/index.php?rest_route=%2Fwp%2Fv2%2Fcategories&post=1992"},{"taxonomy":"post_tag","embeddable":true,"href":"https:\/\/noticiasregionais.com.br\/index.php?rest_route=%2Fwp%2Fv2%2Ftags&post=1992"}],"curies":[{"name":"wp","href":"https:\/\/api.w.org\/{rel}","templated":true}]}}