{"id":1995,"date":"2024-02-08T19:50:17","date_gmt":"2024-02-08T22:50:17","guid":{"rendered":"https:\/\/noticiasregionais.com.br\/?p=1995"},"modified":"2024-02-08T19:50:22","modified_gmt":"2024-02-08T22:50:22","slug":"irmaos-sao-presos-em-operacao-conjunta-da-pm-dise-e-k9-do-baep-em-santa-cruz","status":"publish","type":"post","link":"https:\/\/noticiasregionais.com.br\/?p=1995","title":{"rendered":"Irm\u00e3os s\u00e3o presos em Opera\u00e7\u00e3o Conjunta da PM, Dise e K9 do BAEP em Santa Cruz"},"content":{"rendered":"\n<p>A Pol\u00edcia Militar, por meio de Equipe K9 do 13\u00ba BAEP, ap\u00f3s satura\u00e7\u00e3o e coleta de informa\u00e7\u00f5es sobre os respons\u00e1veis pelo tr\u00e1fico de drogas no Bairro S\u00e3o Jo\u00e3o, pelo munic\u00edpio de Santa Cruz do Rio Pardo, juntamente com a DISE &#8211; Delegacia de Investiga\u00e7\u00f5es sobre Entorpecente e Equipes, prendeu Jo\u00e3o P. H. C. (30 anos) e Messias S. C. J. (28 anos), pelo crime de Tr\u00e1fico de Drogas e Associa\u00e7\u00e3o para o Tr\u00e1fico.<br>A pris\u00e3o deu-se em 07\/02 as 10h20m em cumprimento de Mandado de Busca e Apreens\u00e3o na Rua Luiz Scudeler, Jardim S\u00e3o Jo\u00e3o em Santa Cruz do Rio Pardo\/SP, onde ap\u00f3s o emprego do c\u00e3o farejador Draco, foram localizadas e apreendidas certa quantidade de &#8220;crack, coca\u00edna e maconha&#8221;, al\u00e9m da quantia de R$ 1.066,00 provenientes da trafic\u00e2ncia dos irm\u00e3os.<br>A ocorr\u00eancia foi apresentada na DISE de Ourinhos onde os indiciados permaneceram \u00e0 disposi\u00e7\u00e3o da Justi\u00e7a.<\/p>\n<input type=\"hidden\" id=\"baseurl\" value=\"https:\/\/noticiasregionais.com.br\"><input type=\"hidden\" id=\"audio_nonce\" value=\"533fbb67b1\">","protected":false},"excerpt":{"rendered":"<p>A Pol\u00edcia Militar, por meio de Equipe K9 do 13\u00ba BAEP, ap\u00f3s satura\u00e7\u00e3o e coleta de informa\u00e7\u00f5es sobre os respons\u00e1veis&hellip;<\/p>\n","protected":false},"author":1,"featured_media":1996,"comment_status":"closed","ping_status":"open","sticky":false,"template":"","format":"standard","meta":{"sfsi_plus_gutenberg_text_before_share":"","sfsi_plus_gutenberg_show_text_before_share":"","sfsi_plus_gutenberg_icon_type":"","sfsi_plus_gutenberg_icon_alignemt":"","sfsi_plus_gutenburg_max_per_row":"","footnotes":""},"categories":[6,10,1],"tags":[],"class_list":["post-1995","post","type-post","status-publish","format-standard","has-post-thumbnail","hentry","category-sao_paulo","category-destaques","category-noticias"],"_links":{"self":[{"href":"https:\/\/noticiasregionais.com.br\/index.php?rest_route=\/wp\/v2\/posts\/1995","targetHints":{"allow":["GET"]}}],"collection":[{"href":"https:\/\/noticiasregionais.com.br\/index.php?rest_route=\/wp\/v2\/posts"}],"about":[{"href":"https:\/\/noticiasregionais.com.br\/index.php?rest_route=\/wp\/v2\/types\/post"}],"author":[{"embeddable":true,"href":"https:\/\/noticiasregionais.com.br\/index.php?rest_route=\/wp\/v2\/users\/1"}],"replies":[{"embeddable":true,"href":"https:\/\/noticiasregionais.com.br\/index.php?rest_route=%2Fwp%2Fv2%2Fcomments&post=1995"}],"version-history":[{"count":1,"href":"https:\/\/noticiasregionais.com.br\/index.php?rest_route=\/wp\/v2\/posts\/1995\/revisions"}],"predecessor-version":[{"id":1997,"href":"https:\/\/noticiasregionais.com.br\/index.php?rest_route=\/wp\/v2\/posts\/1995\/revisions\/1997"}],"wp:featuredmedia":[{"embeddable":true,"href":"https:\/\/noticiasregionais.com.br\/index.php?rest_route=\/wp\/v2\/media\/1996"}],"wp:attachment":[{"href":"https:\/\/noticiasregionais.com.br\/index.php?rest_route=%2Fwp%2Fv2%2Fmedia&parent=1995"}],"wp:term":[{"taxonomy":"category","embeddable":true,"href":"https:\/\/noticiasregionais.com.br\/index.php?rest_route=%2Fwp%2Fv2%2Fcategories&post=1995"},{"taxonomy":"post_tag","embeddable":true,"href":"https:\/\/noticiasregionais.com.br\/index.php?rest_route=%2Fwp%2Fv2%2Ftags&post=1995"}],"curies":[{"name":"wp","href":"https:\/\/api.w.org\/{rel}","templated":true}]}}