{"id":1999,"date":"2024-02-09T08:30:26","date_gmt":"2024-02-09T11:30:26","guid":{"rendered":"https:\/\/noticiasregionais.com.br\/?p=1999"},"modified":"2024-02-09T08:30:29","modified_gmt":"2024-02-09T11:30:29","slug":"traficante-e-preso-com-quase-200-kg-de-maconha-na-raposo-tavares","status":"publish","type":"post","link":"https:\/\/noticiasregionais.com.br\/?p=1999","title":{"rendered":"Traficante \u00e9 preso com quase 200 kg de maconha na Raposo Tavares"},"content":{"rendered":"\n<p>Na madrugada desta sexta-feira (9), policiais militares do 2\u00ba Batalh\u00e3o de Pol\u00edcia Rodovi\u00e1ria (BPRv) prenderam um homem em flagrante por tr\u00e1fico de drogas na Rodovia Raposo Tavares (SP-270), em Palmital.<\/p>\n\n\n\n<p>A equipe realizava a Opera\u00e7\u00e3o Impacto na pra\u00e7a de ped\u00e1gio quando abordou um Chevrolet Spin com placas de S\u00e3o Paulo. Durante a entrevista, o condutor, de 41 anos, apresentou nervosismo e respostas desconexas sobre a viagem, o que despertou a suspeita dos policiais.<\/p>\n\n\n\n<p>Uma vistoria minuciosa no ve\u00edculo localizou 256 tabletes de maconha escondidos no porta-malas e no assoalho do banco traseiro. A droga totalizou 199,5 kg.<\/p>\n\n\n\n<p>O homem foi preso em flagrante por tr\u00e1fico de drogas e encaminhado \u00e0 Cadeia P\u00fablica de Lut\u00e9cia. A ocorr\u00eancia foi apresentada na Central de Pol\u00edcia Judici\u00e1ria de Assis.<\/p>\n\n\n\n<p><strong>Dados da ocorr\u00eancia:<\/strong><\/p>\n\n\n\n<p><strong>Data\/Hora:<\/strong> 09\/02\/2024 &#8211; 00h:30min<br><strong>Local: <\/strong>Palmital\/SP \u2013 SP- 270 \u2013 Rodovia Raposo Tavares, km 413,400 \u2013 1\u00b0 Pel da 3\u00aa Cia do 2\u00b0 BPRv.<br><strong>Droga apreendida:<\/strong> 256 tabletes de maconha, totalizando 199,5 kg.<br><strong>Indiv\u00edduo preso: <\/strong>Homem de 41 anos.<br><strong>Delegacia:<\/strong> Central de Pol\u00edcia Judici\u00e1ria de Assis\/SP.<br><strong>Destino do preso:<\/strong> Cadeia P\u00fablica de Lut\u00e9cia\/SP.<\/p>\n\n\n\n<p><br><strong>Essa a\u00e7\u00e3o demonstra o compromisso da Pol\u00edcia Militar Rodovi\u00e1ria no combate ao tr\u00e1fico de drogas nas rodovias paulistas.<\/strong><\/p>\n<input type=\"hidden\" id=\"baseurl\" value=\"https:\/\/noticiasregionais.com.br\"><input type=\"hidden\" id=\"audio_nonce\" value=\"533fbb67b1\">","protected":false},"excerpt":{"rendered":"<p>Na madrugada desta sexta-feira (9), policiais militares do 2\u00ba Batalh\u00e3o de Pol\u00edcia Rodovi\u00e1ria (BPRv) prenderam um homem em flagrante por&hellip;<\/p>\n","protected":false},"author":1,"featured_media":2000,"comment_status":"closed","ping_status":"open","sticky":false,"template":"","format":"standard","meta":{"sfsi_plus_gutenberg_text_before_share":"","sfsi_plus_gutenberg_show_text_before_share":"","sfsi_plus_gutenberg_icon_type":"","sfsi_plus_gutenberg_icon_alignemt":"","sfsi_plus_gutenburg_max_per_row":"","footnotes":""},"categories":[6,12,1],"tags":[],"class_list":["post-1999","post","type-post","status-publish","format-standard","has-post-thumbnail","hentry","category-sao_paulo","category-capa","category-noticias"],"_links":{"self":[{"href":"https:\/\/noticiasregionais.com.br\/index.php?rest_route=\/wp\/v2\/posts\/1999","targetHints":{"allow":["GET"]}}],"collection":[{"href":"https:\/\/noticiasregionais.com.br\/index.php?rest_route=\/wp\/v2\/posts"}],"about":[{"href":"https:\/\/noticiasregionais.com.br\/index.php?rest_route=\/wp\/v2\/types\/post"}],"author":[{"embeddable":true,"href":"https:\/\/noticiasregionais.com.br\/index.php?rest_route=\/wp\/v2\/users\/1"}],"replies":[{"embeddable":true,"href":"https:\/\/noticiasregionais.com.br\/index.php?rest_route=%2Fwp%2Fv2%2Fcomments&post=1999"}],"version-history":[{"count":1,"href":"https:\/\/noticiasregionais.com.br\/index.php?rest_route=\/wp\/v2\/posts\/1999\/revisions"}],"predecessor-version":[{"id":2001,"href":"https:\/\/noticiasregionais.com.br\/index.php?rest_route=\/wp\/v2\/posts\/1999\/revisions\/2001"}],"wp:featuredmedia":[{"embeddable":true,"href":"https:\/\/noticiasregionais.com.br\/index.php?rest_route=\/wp\/v2\/media\/2000"}],"wp:attachment":[{"href":"https:\/\/noticiasregionais.com.br\/index.php?rest_route=%2Fwp%2Fv2%2Fmedia&parent=1999"}],"wp:term":[{"taxonomy":"category","embeddable":true,"href":"https:\/\/noticiasregionais.com.br\/index.php?rest_route=%2Fwp%2Fv2%2Fcategories&post=1999"},{"taxonomy":"post_tag","embeddable":true,"href":"https:\/\/noticiasregionais.com.br\/index.php?rest_route=%2Fwp%2Fv2%2Ftags&post=1999"}],"curies":[{"name":"wp","href":"https:\/\/api.w.org\/{rel}","templated":true}]}}