{"id":2002,"date":"2024-02-09T12:59:35","date_gmt":"2024-02-09T15:59:35","guid":{"rendered":"https:\/\/noticiasregionais.com.br\/?p=2002"},"modified":"2024-02-09T13:03:13","modified_gmt":"2024-02-09T16:03:13","slug":"ace-informa-os-horarios-do-camercio-nesse-carnaval","status":"publish","type":"post","link":"https:\/\/noticiasregionais.com.br\/?p=2002","title":{"rendered":"ACE informa os hor\u00e1rios do com\u00e9rcio nesse Carnaval"},"content":{"rendered":"\n<p>O com\u00e9rcio de Ourinhos \u00e9 uma \u00f3tima op\u00e7\u00e3o para quem quer aproveitar o Carnaval para ir \u00e0s compras.<\/p>\n\n\n\n<p>As lojas estar\u00e3o abertas no s\u00e1bado (10) das 9 \u00e0s 17 horas. Na segunda-feira (12), com\u00e9rcio aberto das 9 \u00e0s 18 horas.<\/p>\n\n\n\n<p>J\u00e1 na ter\u00e7a-feira de Carnaval (13), as lojas estar\u00e3o fechadas e na quarta (14), o atendimento ter\u00e1 in\u00edcio \u00e0s 13 horas.<\/p>\n<input type=\"hidden\" id=\"baseurl\" value=\"https:\/\/noticiasregionais.com.br\"><input type=\"hidden\" id=\"audio_nonce\" value=\"533fbb67b1\">","protected":false},"excerpt":{"rendered":"<p>O com\u00e9rcio de Ourinhos \u00e9 uma \u00f3tima op\u00e7\u00e3o para quem quer aproveitar o Carnaval para ir \u00e0s compras. As lojas&hellip;<\/p>\n","protected":false},"author":1,"featured_media":2003,"comment_status":"closed","ping_status":"open","sticky":false,"template":"","format":"standard","meta":{"sfsi_plus_gutenberg_text_before_share":"","sfsi_plus_gutenberg_show_text_before_share":"","sfsi_plus_gutenberg_icon_type":"","sfsi_plus_gutenberg_icon_alignemt":"","sfsi_plus_gutenburg_max_per_row":"","footnotes":""},"categories":[5,10,1],"tags":[],"class_list":["post-2002","post","type-post","status-publish","format-standard","has-post-thumbnail","hentry","category-ourinhos","category-destaques","category-noticias"],"_links":{"self":[{"href":"https:\/\/noticiasregionais.com.br\/index.php?rest_route=\/wp\/v2\/posts\/2002","targetHints":{"allow":["GET"]}}],"collection":[{"href":"https:\/\/noticiasregionais.com.br\/index.php?rest_route=\/wp\/v2\/posts"}],"about":[{"href":"https:\/\/noticiasregionais.com.br\/index.php?rest_route=\/wp\/v2\/types\/post"}],"author":[{"embeddable":true,"href":"https:\/\/noticiasregionais.com.br\/index.php?rest_route=\/wp\/v2\/users\/1"}],"replies":[{"embeddable":true,"href":"https:\/\/noticiasregionais.com.br\/index.php?rest_route=%2Fwp%2Fv2%2Fcomments&post=2002"}],"version-history":[{"count":2,"href":"https:\/\/noticiasregionais.com.br\/index.php?rest_route=\/wp\/v2\/posts\/2002\/revisions"}],"predecessor-version":[{"id":2005,"href":"https:\/\/noticiasregionais.com.br\/index.php?rest_route=\/wp\/v2\/posts\/2002\/revisions\/2005"}],"wp:featuredmedia":[{"embeddable":true,"href":"https:\/\/noticiasregionais.com.br\/index.php?rest_route=\/wp\/v2\/media\/2003"}],"wp:attachment":[{"href":"https:\/\/noticiasregionais.com.br\/index.php?rest_route=%2Fwp%2Fv2%2Fmedia&parent=2002"}],"wp:term":[{"taxonomy":"category","embeddable":true,"href":"https:\/\/noticiasregionais.com.br\/index.php?rest_route=%2Fwp%2Fv2%2Fcategories&post=2002"},{"taxonomy":"post_tag","embeddable":true,"href":"https:\/\/noticiasregionais.com.br\/index.php?rest_route=%2Fwp%2Fv2%2Ftags&post=2002"}],"curies":[{"name":"wp","href":"https:\/\/api.w.org\/{rel}","templated":true}]}}