{"id":2006,"date":"2024-02-11T09:50:26","date_gmt":"2024-02-11T12:50:26","guid":{"rendered":"https:\/\/noticiasregionais.com.br\/?p=2006"},"modified":"2024-02-11T09:50:38","modified_gmt":"2024-02-11T12:50:38","slug":"individuo-e-preso-em-flagrante-por-trafico-de-drogas-na-rodovia-raposo-tavares","status":"publish","type":"post","link":"https:\/\/noticiasregionais.com.br\/?p=2006","title":{"rendered":"Indiv\u00edduo \u00e9 preso em flagrante por tr\u00e1fico de drogas na Rodovia Raposo Tavares"},"content":{"rendered":"\n<p>Na noite de sexta-feira (10), durante a Opera\u00e7\u00e3o Carnaval 2024, policiais militares do 2\u00b0 Batalh\u00e3o de Pol\u00edcia Militar Rodovi\u00e1ria, em conjunto com a Pol\u00edcia Federal, prenderam um indiv\u00edduo em flagrante delito pelo crime de tr\u00e1fico de drogas na Rodovia Raposo Tavares (SP-270), em Assis\/SP.<\/p>\n\n\n\n<p><strong>Abordagem e apreens\u00e3o<\/strong><\/p>\n\n\n\n<p>Os policiais abordaram o condutor (AJS, 40 anos) de um ve\u00edculo Hyundai HB20 cinza com placas do Mercosul, que trafegava do Mato Grosso do Sul com destino a S\u00e3o Paulo\/SP. Durante vistoria minuciosa, foi localizada grande quantidade de maconha (538 tabletes), acondicionada no banco traseiro e porta-malas do ve\u00edculo.<\/p>\n\n\n\n<p><strong>Quantidade de droga e destino da ocorr\u00eancia<\/strong><\/p>\n\n\n\n<p>A droga apreendida totalizou 451,650 kg de maconha. O indiv\u00edduo e o material apreendido foram apresentados na Delegacia da Pol\u00edcia Federal em Mar\u00edlia\/SP.<\/p>\n\n\n\n<p><strong>Opera\u00e7\u00e3o Carnaval 2024<\/strong><\/p>\n\n\n\n<p>A Opera\u00e7\u00e3o Carnaval 2024 visa intensificar o policiamento ostensivo e preventivo nas rodovias estaduais durante o per\u00edodo de Carnaval, com foco na repress\u00e3o de crimes como o tr\u00e1fico de drogas, roubos e homic\u00eddios.<\/p>\n\n\n\n<p><strong>Informa\u00e7\u00f5es adicionais:<\/strong><\/p>\n\n\n\n<ul class=\"wp-block-list\">\n<li>Data\/Hora:&nbsp;10\/02\/2024 \u2013 22h:37min<\/li>\n\n\n\n<li>Local:&nbsp;Assis\/SP \u2013 SP- 270 \u2013 Rodovia Raposo Tavares,&nbsp;km 453 Leste \u2013 1\u00b0 Pel da 3\u00aa Cia do 2\u00b0 BPRv.<\/li>\n<\/ul>\n<input type=\"hidden\" id=\"baseurl\" value=\"https:\/\/noticiasregionais.com.br\"><input type=\"hidden\" id=\"audio_nonce\" value=\"533fbb67b1\">","protected":false},"excerpt":{"rendered":"<p>Na noite de sexta-feira (10), durante a Opera\u00e7\u00e3o Carnaval 2024, policiais militares do 2\u00b0 Batalh\u00e3o de Pol\u00edcia Militar Rodovi\u00e1ria, em&hellip;<\/p>\n","protected":false},"author":1,"featured_media":2007,"comment_status":"closed","ping_status":"open","sticky":false,"template":"","format":"standard","meta":{"sfsi_plus_gutenberg_text_before_share":"","sfsi_plus_gutenberg_show_text_before_share":"","sfsi_plus_gutenberg_icon_type":"","sfsi_plus_gutenberg_icon_alignemt":"","sfsi_plus_gutenburg_max_per_row":"","footnotes":""},"categories":[6,12,1],"tags":[],"class_list":["post-2006","post","type-post","status-publish","format-standard","has-post-thumbnail","hentry","category-sao_paulo","category-capa","category-noticias"],"_links":{"self":[{"href":"https:\/\/noticiasregionais.com.br\/index.php?rest_route=\/wp\/v2\/posts\/2006","targetHints":{"allow":["GET"]}}],"collection":[{"href":"https:\/\/noticiasregionais.com.br\/index.php?rest_route=\/wp\/v2\/posts"}],"about":[{"href":"https:\/\/noticiasregionais.com.br\/index.php?rest_route=\/wp\/v2\/types\/post"}],"author":[{"embeddable":true,"href":"https:\/\/noticiasregionais.com.br\/index.php?rest_route=\/wp\/v2\/users\/1"}],"replies":[{"embeddable":true,"href":"https:\/\/noticiasregionais.com.br\/index.php?rest_route=%2Fwp%2Fv2%2Fcomments&post=2006"}],"version-history":[{"count":1,"href":"https:\/\/noticiasregionais.com.br\/index.php?rest_route=\/wp\/v2\/posts\/2006\/revisions"}],"predecessor-version":[{"id":2008,"href":"https:\/\/noticiasregionais.com.br\/index.php?rest_route=\/wp\/v2\/posts\/2006\/revisions\/2008"}],"wp:featuredmedia":[{"embeddable":true,"href":"https:\/\/noticiasregionais.com.br\/index.php?rest_route=\/wp\/v2\/media\/2007"}],"wp:attachment":[{"href":"https:\/\/noticiasregionais.com.br\/index.php?rest_route=%2Fwp%2Fv2%2Fmedia&parent=2006"}],"wp:term":[{"taxonomy":"category","embeddable":true,"href":"https:\/\/noticiasregionais.com.br\/index.php?rest_route=%2Fwp%2Fv2%2Fcategories&post=2006"},{"taxonomy":"post_tag","embeddable":true,"href":"https:\/\/noticiasregionais.com.br\/index.php?rest_route=%2Fwp%2Fv2%2Ftags&post=2006"}],"curies":[{"name":"wp","href":"https:\/\/api.w.org\/{rel}","templated":true}]}}