{"id":2009,"date":"2024-02-11T10:25:27","date_gmt":"2024-02-11T13:25:27","guid":{"rendered":"https:\/\/noticiasregionais.com.br\/?p=2009"},"modified":"2024-02-11T10:25:39","modified_gmt":"2024-02-11T13:25:39","slug":"ace-recebe-a-visita-do-secretario-municipal-de-governo-de-ourinhos","status":"publish","type":"post","link":"https:\/\/noticiasregionais.com.br\/?p=2009","title":{"rendered":"ACE recebe a visita do secret\u00e1rio municipal de governo de Ourinhos"},"content":{"rendered":"\n<p>A visita do Secret\u00e1rio de Governo Caio Lima, \u00e0 nova sede da Associa\u00e7\u00e3o Comercial e Empresarial (ACE) foi realizada na tarde do dia 07, onde foi recebido por Robson Martuchi, Presidente da ACE, e Diogenes Correa Leite, Presidente do Conselho. Durante a visita, Caio conheceu as novas instala\u00e7\u00f5es da entidade e destacou a import\u00e2ncia da mesma para o desenvolvimento econ\u00f4mico e apoio ao empreendedorismo em Ourinhos, uma cidade reconhecida como polo regional de servi\u00e7os e com\u00e9rcio.<\/p>\n\n\n\n<p>A ACE, que h\u00e1 90 anos contribui para o crescimento da regi\u00e3o, foi elogiada por sua estrat\u00e9gia de mudan\u00e7a para um novo pr\u00e9dio, que oferece melhor infraestrutura para empres\u00e1rios e associados. Al\u00e9m disso, Caio enfatizou a relev\u00e2ncia da institui\u00e7\u00e3o na promo\u00e7\u00e3o do com\u00e9rcio local, no fornecimento de suporte aos empres\u00e1rios e na realiza\u00e7\u00e3o de a\u00e7\u00f5es sociais.<\/p>\n\n\n\n<p>Robson Martuchi agradeceu a visita de Caio, refor\u00e7ando a posi\u00e7\u00e3o da ACE como uma entidade forte e representativa, interessada em conhecer e apoiar projetos que promovam o desenvolvimento econ\u00f4mico de Ourinhos. A import\u00e2ncia da colabora\u00e7\u00e3o entre o poder p\u00fablico e a ACE tamb\u00e9m foi destacada, sublinhando que tal parceria beneficia diretamente os empres\u00e1rios e a popula\u00e7\u00e3o local.<\/p>\n<input type=\"hidden\" id=\"baseurl\" value=\"https:\/\/noticiasregionais.com.br\"><input type=\"hidden\" id=\"audio_nonce\" value=\"533fbb67b1\">","protected":false},"excerpt":{"rendered":"<p>A visita do Secret\u00e1rio de Governo Caio Lima, \u00e0 nova sede da Associa\u00e7\u00e3o Comercial e Empresarial (ACE) foi realizada na&hellip;<\/p>\n","protected":false},"author":1,"featured_media":2010,"comment_status":"closed","ping_status":"open","sticky":false,"template":"","format":"standard","meta":{"sfsi_plus_gutenberg_text_before_share":"","sfsi_plus_gutenberg_show_text_before_share":"","sfsi_plus_gutenberg_icon_type":"","sfsi_plus_gutenberg_icon_alignemt":"","sfsi_plus_gutenburg_max_per_row":"","footnotes":""},"categories":[5,10,1],"tags":[],"class_list":["post-2009","post","type-post","status-publish","format-standard","has-post-thumbnail","hentry","category-ourinhos","category-destaques","category-noticias"],"_links":{"self":[{"href":"https:\/\/noticiasregionais.com.br\/index.php?rest_route=\/wp\/v2\/posts\/2009","targetHints":{"allow":["GET"]}}],"collection":[{"href":"https:\/\/noticiasregionais.com.br\/index.php?rest_route=\/wp\/v2\/posts"}],"about":[{"href":"https:\/\/noticiasregionais.com.br\/index.php?rest_route=\/wp\/v2\/types\/post"}],"author":[{"embeddable":true,"href":"https:\/\/noticiasregionais.com.br\/index.php?rest_route=\/wp\/v2\/users\/1"}],"replies":[{"embeddable":true,"href":"https:\/\/noticiasregionais.com.br\/index.php?rest_route=%2Fwp%2Fv2%2Fcomments&post=2009"}],"version-history":[{"count":1,"href":"https:\/\/noticiasregionais.com.br\/index.php?rest_route=\/wp\/v2\/posts\/2009\/revisions"}],"predecessor-version":[{"id":2011,"href":"https:\/\/noticiasregionais.com.br\/index.php?rest_route=\/wp\/v2\/posts\/2009\/revisions\/2011"}],"wp:featuredmedia":[{"embeddable":true,"href":"https:\/\/noticiasregionais.com.br\/index.php?rest_route=\/wp\/v2\/media\/2010"}],"wp:attachment":[{"href":"https:\/\/noticiasregionais.com.br\/index.php?rest_route=%2Fwp%2Fv2%2Fmedia&parent=2009"}],"wp:term":[{"taxonomy":"category","embeddable":true,"href":"https:\/\/noticiasregionais.com.br\/index.php?rest_route=%2Fwp%2Fv2%2Fcategories&post=2009"},{"taxonomy":"post_tag","embeddable":true,"href":"https:\/\/noticiasregionais.com.br\/index.php?rest_route=%2Fwp%2Fv2%2Ftags&post=2009"}],"curies":[{"name":"wp","href":"https:\/\/api.w.org\/{rel}","templated":true}]}}