{"id":201,"date":"2023-09-04T19:51:39","date_gmt":"2023-09-04T22:51:39","guid":{"rendered":"https:\/\/noticiasregionais.com.br\/?p=201"},"modified":"2023-09-04T19:51:40","modified_gmt":"2023-09-04T22:51:40","slug":"prefeitura-de-ourinhos-inicia-construcao-da-cobertura-da-piscina-do-monstrinho","status":"publish","type":"post","link":"https:\/\/noticiasregionais.com.br\/?p=201","title":{"rendered":"Prefeitura de Ourinhos inicia constru\u00e7\u00e3o da cobertura da piscina do Monstrinho"},"content":{"rendered":"\n<p>A Prefeitura de Ourinhos, por meio da Secretaria Municipal de Infraestrutura e Obras, iniciou nesta quarta-feira (30) a obra de constru\u00e7\u00e3o da cobertura da piscina do gin\u00e1sio do Monstrinho.<\/p>\n\n\n\n<p>O investimento \u00e9 de mais de R$ 1,5 milh\u00e3o. O projeto prev\u00ea o fechamento total da piscina, proporcionando mais conforto aos alunos de nata\u00e7\u00e3o e hidrogin\u00e1stica principalmente no inverno, j\u00e1 que a \u00e1gua permanecer\u00e1 aquecida por mais tempo, evitando a perda de calor.<\/p>\n<input type=\"hidden\" id=\"baseurl\" value=\"https:\/\/noticiasregionais.com.br\"><input type=\"hidden\" id=\"audio_nonce\" value=\"533fbb67b1\">","protected":false},"excerpt":{"rendered":"<p>A Prefeitura de Ourinhos, por meio da Secretaria Municipal de Infraestrutura e Obras, iniciou nesta quarta-feira (30) a obra de&hellip;<\/p>\n","protected":false},"author":1,"featured_media":202,"comment_status":"closed","ping_status":"open","sticky":false,"template":"","format":"standard","meta":{"sfsi_plus_gutenberg_text_before_share":"","sfsi_plus_gutenberg_show_text_before_share":"","sfsi_plus_gutenberg_icon_type":"","sfsi_plus_gutenberg_icon_alignemt":"","sfsi_plus_gutenburg_max_per_row":"","footnotes":""},"categories":[10,1,5],"tags":[],"class_list":["post-201","post","type-post","status-publish","format-standard","has-post-thumbnail","hentry","category-destaques","category-noticias","category-ourinhos"],"_links":{"self":[{"href":"https:\/\/noticiasregionais.com.br\/index.php?rest_route=\/wp\/v2\/posts\/201","targetHints":{"allow":["GET"]}}],"collection":[{"href":"https:\/\/noticiasregionais.com.br\/index.php?rest_route=\/wp\/v2\/posts"}],"about":[{"href":"https:\/\/noticiasregionais.com.br\/index.php?rest_route=\/wp\/v2\/types\/post"}],"author":[{"embeddable":true,"href":"https:\/\/noticiasregionais.com.br\/index.php?rest_route=\/wp\/v2\/users\/1"}],"replies":[{"embeddable":true,"href":"https:\/\/noticiasregionais.com.br\/index.php?rest_route=%2Fwp%2Fv2%2Fcomments&post=201"}],"version-history":[{"count":1,"href":"https:\/\/noticiasregionais.com.br\/index.php?rest_route=\/wp\/v2\/posts\/201\/revisions"}],"predecessor-version":[{"id":203,"href":"https:\/\/noticiasregionais.com.br\/index.php?rest_route=\/wp\/v2\/posts\/201\/revisions\/203"}],"wp:featuredmedia":[{"embeddable":true,"href":"https:\/\/noticiasregionais.com.br\/index.php?rest_route=\/wp\/v2\/media\/202"}],"wp:attachment":[{"href":"https:\/\/noticiasregionais.com.br\/index.php?rest_route=%2Fwp%2Fv2%2Fmedia&parent=201"}],"wp:term":[{"taxonomy":"category","embeddable":true,"href":"https:\/\/noticiasregionais.com.br\/index.php?rest_route=%2Fwp%2Fv2%2Fcategories&post=201"},{"taxonomy":"post_tag","embeddable":true,"href":"https:\/\/noticiasregionais.com.br\/index.php?rest_route=%2Fwp%2Fv2%2Ftags&post=201"}],"curies":[{"name":"wp","href":"https:\/\/api.w.org\/{rel}","templated":true}]}}