{"id":2018,"date":"2024-02-12T19:35:24","date_gmt":"2024-02-12T22:35:24","guid":{"rendered":"https:\/\/noticiasregionais.com.br\/?p=2018"},"modified":"2024-02-12T19:35:27","modified_gmt":"2024-02-12T22:35:27","slug":"prf-recupera-carro-furtado-em-santa-barbara-doeste-sp","status":"publish","type":"post","link":"https:\/\/noticiasregionais.com.br\/?p=2018","title":{"rendered":"PRF recupera carro furtado em Santa Barbara D\u2019Oeste\/SP"},"content":{"rendered":"\n<p class=\"has-text-align-center\"><strong>Crime aconteceu na manh\u00e3 desta sexta-feira (9\/2) e foi recuperado \u00e0 tarde em Ourinhos\/SP<\/strong><\/p>\n\n\n\n<p>Uma equipe da Pol\u00edcia Rodovi\u00e1ria Federal prendeu um jovem de 19 anos que passava por Ourinhos na tarde desta sexta-feira (9\/2) pela rodovia Transbrasiliana. Ele dirigia um Nissan Kicks que tinha registro de furto em Santa Barbara D\u2019Oeste\/SP, distante cerca de 350 quil\u00f4metros do local da recupera\u00e7\u00e3o.<\/p>\n\n\n\n<p>O flagrante ocorreu por volta das 13h35, ap\u00f3s a PRF ter recebido den\u00fancia sobre o furto do carro e uma equipe o ter avistado no km 338 da BR-153. Ao pararem o ve\u00edculo e iniciar fiscaliza\u00e7\u00e3o, os policiais confirmaram que havia queixa do crime. Ao interpelarem o motorista, ele informou que era mec\u00e2nico em uma oficina onde o carro fora deixado para manuten\u00e7\u00e3o. Ele disse que pretendia ir \u00e0 casa de sua m\u00e3e, em Cascavel\/PR.<\/p>\n\n\n\n<p>Os policiais rodovi\u00e1rios federais tamb\u00e9m descobriram que o rapaz preso n\u00e3o era habilitado para dirigir ve\u00edculo automotor e j\u00e1 possui importante hist\u00f3rico criminal, que inclui roubos e tentativa de homic\u00eddio. Ele recebeu voz de pris\u00e3o pelo crime de furto qualificado, conforme o artigo 155 do C\u00f3digo Penal, o qual prev\u00ea pena de dois a oito anos de reclus\u00e3o.<\/p>\n\n\n\n<p>O homem preso e o carro, avaliado em mais de R$ 80.000,00, foram levados para a Delegacia de Investiga\u00e7\u00f5es Gerais (DIG) de Ourinhos\/SP e o propriet\u00e1rio do ve\u00edculo foi informado para comparecer ao local e reaver sua posse.<\/p>\n<input type=\"hidden\" id=\"baseurl\" value=\"https:\/\/noticiasregionais.com.br\"><input type=\"hidden\" id=\"audio_nonce\" value=\"533fbb67b1\">","protected":false},"excerpt":{"rendered":"<p>Crime aconteceu na manh\u00e3 desta sexta-feira (9\/2) e foi recuperado \u00e0 tarde em Ourinhos\/SP Uma equipe da Pol\u00edcia Rodovi\u00e1ria Federal&hellip;<\/p>\n","protected":false},"author":1,"featured_media":2019,"comment_status":"closed","ping_status":"open","sticky":false,"template":"","format":"standard","meta":{"sfsi_plus_gutenberg_text_before_share":"","sfsi_plus_gutenberg_show_text_before_share":"","sfsi_plus_gutenberg_icon_type":"","sfsi_plus_gutenberg_icon_alignemt":"","sfsi_plus_gutenburg_max_per_row":"","footnotes":""},"categories":[5,10,1],"tags":[],"class_list":["post-2018","post","type-post","status-publish","format-standard","has-post-thumbnail","hentry","category-ourinhos","category-destaques","category-noticias"],"_links":{"self":[{"href":"https:\/\/noticiasregionais.com.br\/index.php?rest_route=\/wp\/v2\/posts\/2018","targetHints":{"allow":["GET"]}}],"collection":[{"href":"https:\/\/noticiasregionais.com.br\/index.php?rest_route=\/wp\/v2\/posts"}],"about":[{"href":"https:\/\/noticiasregionais.com.br\/index.php?rest_route=\/wp\/v2\/types\/post"}],"author":[{"embeddable":true,"href":"https:\/\/noticiasregionais.com.br\/index.php?rest_route=\/wp\/v2\/users\/1"}],"replies":[{"embeddable":true,"href":"https:\/\/noticiasregionais.com.br\/index.php?rest_route=%2Fwp%2Fv2%2Fcomments&post=2018"}],"version-history":[{"count":1,"href":"https:\/\/noticiasregionais.com.br\/index.php?rest_route=\/wp\/v2\/posts\/2018\/revisions"}],"predecessor-version":[{"id":2020,"href":"https:\/\/noticiasregionais.com.br\/index.php?rest_route=\/wp\/v2\/posts\/2018\/revisions\/2020"}],"wp:featuredmedia":[{"embeddable":true,"href":"https:\/\/noticiasregionais.com.br\/index.php?rest_route=\/wp\/v2\/media\/2019"}],"wp:attachment":[{"href":"https:\/\/noticiasregionais.com.br\/index.php?rest_route=%2Fwp%2Fv2%2Fmedia&parent=2018"}],"wp:term":[{"taxonomy":"category","embeddable":true,"href":"https:\/\/noticiasregionais.com.br\/index.php?rest_route=%2Fwp%2Fv2%2Fcategories&post=2018"},{"taxonomy":"post_tag","embeddable":true,"href":"https:\/\/noticiasregionais.com.br\/index.php?rest_route=%2Fwp%2Fv2%2Ftags&post=2018"}],"curies":[{"name":"wp","href":"https:\/\/api.w.org\/{rel}","templated":true}]}}