{"id":2024,"date":"2024-02-14T18:02:27","date_gmt":"2024-02-14T21:02:27","guid":{"rendered":"https:\/\/noticiasregionais.com.br\/?p=2024"},"modified":"2024-02-14T18:02:38","modified_gmt":"2024-02-14T21:02:38","slug":"prf-divulga-balanco-parcial-da-operacao-carnaval-2024-na-br-153","status":"publish","type":"post","link":"https:\/\/noticiasregionais.com.br\/?p=2024","title":{"rendered":"PRF divulga balan\u00e7o parcial da Opera\u00e7\u00e3o Carnaval 2024 na BR 153"},"content":{"rendered":"\n<p class=\"has-text-align-center\"><strong>A Opera\u00e7\u00e3o segue at\u00e9 23h59 desta quarta-feira (14)<\/strong><\/p>\n\n\n\n<p>A fiscaliza\u00e7\u00e3o da Pol\u00edcia Rodovi\u00e1ria Federal durante o carnaval de 2024 foi intensa e eficaz na busca pela redu\u00e7\u00e3o de acidentes no trecho paulista da BR 153 que passa pela regi\u00e3o de S\u00e3o Jos\u00e9 do Rio Preto.<br>Com o objetivo de garantir a seguran\u00e7a dos motoristas e passageiros, a PRF implementou uma s\u00e9rie de medidas, tais como o aumento do efetivo policial nas rodovias, a realiza\u00e7\u00e3o de blitzes para a fiscaliza\u00e7\u00e3o de documenta\u00e7\u00e3o e condi\u00e7\u00f5es dos ve\u00edculos, al\u00e9m do monitoramento do cumprimento das leis de tr\u00e2nsito, como o uso do cinto de seguran\u00e7a e a proibi\u00e7\u00e3o da combina\u00e7\u00e3o de \u00e1lcool e dire\u00e7\u00e3o.<br>Al\u00e9m disso, a PRF tamb\u00e9m promoveu campanhas de conscientiza\u00e7\u00e3o e educa\u00e7\u00e3o no tr\u00e2nsito, visando sensibilizar os condutores sobre a import\u00e2ncia de uma dire\u00e7\u00e3o respons\u00e1vel e segura, assim como os riscos associados a comportamentos de risco.<br>Como resultado dessas a\u00e7\u00f5es, foi registrada uma redu\u00e7\u00e3o significativa no n\u00famero de pessoas feridas durante o per\u00edodo do carnaval, contribuindo para um tr\u00e2nsito mais seguro e tranquilo para todos os usu\u00e1rios das rodovias.<br>Em 2023, a PRF registrou 3 acidentes durante o carnaval, que resultaram em 7 pessoas feridas.<br>Durante o carnaval de 2024, apenas 2 pessoas sofreram ferimentos nos 2 acidentes atendidos pela PRF.<\/p>\n\n\n\n<p><strong>FISCALIZA\u00c7\u00c3O<\/strong><\/p>\n\n\n\n<p>A PRF fiscalizou 498 ve\u00edculos na BR 153, entre Ic\u00e9m e Ubarana, de sexta at\u00e9 a ter\u00e7a-feira (13).<br>384 motoristas realizaram o teste do etil\u00f4metro (baf\u00f4metro).<br>O motorista que saiu na rodovia durante o carnaval de 2024 foi mais imprudente do que de 2023. Em 2024, 26 condutores foram flagrados pela PRF dirigindo depois de beber. Em 2023 foram 15 autua\u00e7\u00f5es por embriaguez.<br>Em 2024, 29 motoristas foram autuados por realizarem ultrapassagens proibidas, contra 24 em 2023.<\/p>\n\n\n\n<p><strong>OCORR\u00caNCIAS CRIMINAIS<\/strong><\/p>\n\n\n\n<p>A PRF registrou 4 ocorr\u00eancias criminais durante este carnaval:<\/p>\n\n\n\n<p>Na noite desta sexta feira (9), pr\u00f3ximo a Nova Granada (SP), um homem foi flagrado dirigindo um GM Corsa em elevado estado de embriaguez. Ele apresentava sinais vis\u00edveis de ingest\u00e3o de \u00e1lcool, inclusive falta de equil\u00edbrio.<br>Na noite deste domingo (11), durante fiscaliza\u00e7\u00e3o em Rio Preto\/SP, a PRF recuperou um ve\u00edculo Toyota Etios, furtado em Uberl\u00e2ndia. O condutor n\u00e3o possu\u00eda CNH e foi preso por recepta\u00e7\u00e3o.<br>Ainda na noite deste domingo (11), o condutor de um autom\u00f3vel VW Gol desobedeceu a ordem de parada pr\u00f3ximo a Jos\u00e9 Bonif\u00e1cio e fugiu. Ele foi perseguido por 7 quil\u00f4metros. Ao ser abordado, a equipe constatou que ele estava embriagado e sob efeito de drogas. Havia um cigarro de maconha no carro.<br>Na noite desta segunda-feira (12), tamb\u00e9m pr\u00f3ximo a Jos\u00e9 Bonif\u00e1cio, o condutor de outro autom\u00f3vel VW Gol foi flagrado portando maconha para consumo dentro do ve\u00edculo.<\/p>\n<input type=\"hidden\" id=\"baseurl\" value=\"https:\/\/noticiasregionais.com.br\"><input type=\"hidden\" id=\"audio_nonce\" value=\"3cdc555a10\">","protected":false},"excerpt":{"rendered":"<p>A Opera\u00e7\u00e3o segue at\u00e9 23h59 desta quarta-feira (14) A fiscaliza\u00e7\u00e3o da Pol\u00edcia Rodovi\u00e1ria Federal durante o carnaval de 2024 foi&hellip;<\/p>\n","protected":false},"author":1,"featured_media":2025,"comment_status":"closed","ping_status":"open","sticky":false,"template":"","format":"standard","meta":{"sfsi_plus_gutenberg_text_before_share":"","sfsi_plus_gutenberg_show_text_before_share":"","sfsi_plus_gutenberg_icon_type":"","sfsi_plus_gutenberg_icon_alignemt":"","sfsi_plus_gutenburg_max_per_row":"","footnotes":""},"categories":[8,12,1],"tags":[],"class_list":["post-2024","post","type-post","status-publish","format-standard","has-post-thumbnail","hentry","category-brasil","category-capa","category-noticias"],"_links":{"self":[{"href":"https:\/\/noticiasregionais.com.br\/index.php?rest_route=\/wp\/v2\/posts\/2024","targetHints":{"allow":["GET"]}}],"collection":[{"href":"https:\/\/noticiasregionais.com.br\/index.php?rest_route=\/wp\/v2\/posts"}],"about":[{"href":"https:\/\/noticiasregionais.com.br\/index.php?rest_route=\/wp\/v2\/types\/post"}],"author":[{"embeddable":true,"href":"https:\/\/noticiasregionais.com.br\/index.php?rest_route=\/wp\/v2\/users\/1"}],"replies":[{"embeddable":true,"href":"https:\/\/noticiasregionais.com.br\/index.php?rest_route=%2Fwp%2Fv2%2Fcomments&post=2024"}],"version-history":[{"count":1,"href":"https:\/\/noticiasregionais.com.br\/index.php?rest_route=\/wp\/v2\/posts\/2024\/revisions"}],"predecessor-version":[{"id":2026,"href":"https:\/\/noticiasregionais.com.br\/index.php?rest_route=\/wp\/v2\/posts\/2024\/revisions\/2026"}],"wp:featuredmedia":[{"embeddable":true,"href":"https:\/\/noticiasregionais.com.br\/index.php?rest_route=\/wp\/v2\/media\/2025"}],"wp:attachment":[{"href":"https:\/\/noticiasregionais.com.br\/index.php?rest_route=%2Fwp%2Fv2%2Fmedia&parent=2024"}],"wp:term":[{"taxonomy":"category","embeddable":true,"href":"https:\/\/noticiasregionais.com.br\/index.php?rest_route=%2Fwp%2Fv2%2Fcategories&post=2024"},{"taxonomy":"post_tag","embeddable":true,"href":"https:\/\/noticiasregionais.com.br\/index.php?rest_route=%2Fwp%2Fv2%2Ftags&post=2024"}],"curies":[{"name":"wp","href":"https:\/\/api.w.org\/{rel}","templated":true}]}}