{"id":2027,"date":"2024-02-15T08:37:01","date_gmt":"2024-02-15T11:37:01","guid":{"rendered":"https:\/\/noticiasregionais.com.br\/?p=2027"},"modified":"2024-02-15T08:37:13","modified_gmt":"2024-02-15T11:37:13","slug":"veiculo-furtado-em-bastos-e-recuperado-pela-policia-rodoviaria-em-quata","status":"publish","type":"post","link":"https:\/\/noticiasregionais.com.br\/?p=2027","title":{"rendered":"Ve\u00edculo furtado em Bastos \u00e9 recuperado pela Pol\u00edcia Rodovi\u00e1ria em Quat\u00e1"},"content":{"rendered":"\n<p>Na noite de ter\u00e7a-feira (14), por volta das 21h30, policiais militares do 2\u00ba Batalh\u00e3o de Pol\u00edcia Militar Rodovi\u00e1ria recuperaram um ve\u00edculo que havia sido furtado no munic\u00edpio de Bastos, interior de S\u00e3o Paulo.<\/p>\n\n\n\n<p>A a\u00e7\u00e3o aconteceu durante a Opera\u00e7\u00e3o Impacto, na SP-284, km 497, em Quat\u00e1. Os policiais abordaram um ve\u00edculo Volkswagen Gol de cor preta com placas de Bastos e, durante a checagem, constataram que o carro havia sido furtado na madrugada do mesmo dia.<\/p>\n\n\n\n<p>O condutor, foi preso em flagrante e encaminhado \u00e0 Central de Pol\u00edcia Judici\u00e1ria de Quat\u00e1. O ve\u00edculo foi restitu\u00eddo ao seu propriet\u00e1rio.<\/p>\n\n\n\n<p>A Pol\u00edcia Rodovi\u00e1ria intensifica as a\u00e7\u00f5es de policiamento ostensivo nas rodovias do Estado de S\u00e3o Paulo com o objetivo de prevenir e reprimir crimes, como o furto de ve\u00edculos.<\/p>\n\n\n\n<p><strong>Dicas para evitar o furto de ve\u00edculos:<\/strong><\/p>\n\n\n\n<ul class=\"wp-block-list\">\n<li>Estacione o ve\u00edculo em local seguro e bem iluminado;<\/li>\n\n\n\n<li>Utilize dispositivos de seguran\u00e7a,&nbsp;como alarmes e travas;<\/li>\n\n\n\n<li>N\u00e3o deixe objetos de valor dentro do ve\u00edculo;<\/li>\n\n\n\n<li>Ao notar algo suspeito,&nbsp;acione a Pol\u00edcia Militar pelo telefone 190.<\/li>\n<\/ul>\n\n\n\n<p><strong>Pol\u00edcia Militar, Rumo aos 200 Anos! Vamos todos juntos. Ningu\u00e9m fica para tr\u00e1s.<\/strong><\/p>\n<input type=\"hidden\" id=\"baseurl\" value=\"https:\/\/noticiasregionais.com.br\"><input type=\"hidden\" id=\"audio_nonce\" value=\"533fbb67b1\">","protected":false},"excerpt":{"rendered":"<p>Na noite de ter\u00e7a-feira (14), por volta das 21h30, policiais militares do 2\u00ba Batalh\u00e3o de Pol\u00edcia Militar Rodovi\u00e1ria recuperaram um&hellip;<\/p>\n","protected":false},"author":1,"featured_media":2028,"comment_status":"closed","ping_status":"open","sticky":false,"template":"","format":"standard","meta":{"sfsi_plus_gutenberg_text_before_share":"","sfsi_plus_gutenberg_show_text_before_share":"","sfsi_plus_gutenberg_icon_type":"","sfsi_plus_gutenberg_icon_alignemt":"","sfsi_plus_gutenburg_max_per_row":"","footnotes":""},"categories":[6,12,1],"tags":[],"class_list":["post-2027","post","type-post","status-publish","format-standard","has-post-thumbnail","hentry","category-sao_paulo","category-capa","category-noticias"],"_links":{"self":[{"href":"https:\/\/noticiasregionais.com.br\/index.php?rest_route=\/wp\/v2\/posts\/2027","targetHints":{"allow":["GET"]}}],"collection":[{"href":"https:\/\/noticiasregionais.com.br\/index.php?rest_route=\/wp\/v2\/posts"}],"about":[{"href":"https:\/\/noticiasregionais.com.br\/index.php?rest_route=\/wp\/v2\/types\/post"}],"author":[{"embeddable":true,"href":"https:\/\/noticiasregionais.com.br\/index.php?rest_route=\/wp\/v2\/users\/1"}],"replies":[{"embeddable":true,"href":"https:\/\/noticiasregionais.com.br\/index.php?rest_route=%2Fwp%2Fv2%2Fcomments&post=2027"}],"version-history":[{"count":1,"href":"https:\/\/noticiasregionais.com.br\/index.php?rest_route=\/wp\/v2\/posts\/2027\/revisions"}],"predecessor-version":[{"id":2029,"href":"https:\/\/noticiasregionais.com.br\/index.php?rest_route=\/wp\/v2\/posts\/2027\/revisions\/2029"}],"wp:featuredmedia":[{"embeddable":true,"href":"https:\/\/noticiasregionais.com.br\/index.php?rest_route=\/wp\/v2\/media\/2028"}],"wp:attachment":[{"href":"https:\/\/noticiasregionais.com.br\/index.php?rest_route=%2Fwp%2Fv2%2Fmedia&parent=2027"}],"wp:term":[{"taxonomy":"category","embeddable":true,"href":"https:\/\/noticiasregionais.com.br\/index.php?rest_route=%2Fwp%2Fv2%2Fcategories&post=2027"},{"taxonomy":"post_tag","embeddable":true,"href":"https:\/\/noticiasregionais.com.br\/index.php?rest_route=%2Fwp%2Fv2%2Ftags&post=2027"}],"curies":[{"name":"wp","href":"https:\/\/api.w.org\/{rel}","templated":true}]}}