{"id":2030,"date":"2024-02-15T20:08:54","date_gmt":"2024-02-15T23:08:54","guid":{"rendered":"https:\/\/noticiasregionais.com.br\/?p=2030"},"modified":"2024-02-15T20:09:05","modified_gmt":"2024-02-15T23:09:05","slug":"governo-de-sp-abre-consulta-publica-sobre-novo-contrato-da-sabesp","status":"publish","type":"post","link":"https:\/\/noticiasregionais.com.br\/?p=2030","title":{"rendered":"Governo de SP abre consulta p\u00fablica sobre novo contrato da Sabesp"},"content":{"rendered":"\n<p class=\"has-text-align-center\"><strong>Desestatiza\u00e7\u00e3o prev\u00ea investimentos de cerca de R$ 260 bilh\u00f5es em 375 munic\u00edpios at\u00e9 2060<\/strong><\/p>\n\n\n\n<p>O governador&nbsp;<a href=\"https:\/\/www.saopaulo.sp.gov.br\/orgaos-e-entidades\/governador\/\" target=\"_blank\" rel=\"noreferrer noopener\">Tarc\u00edsio de Freitas<\/a>&nbsp;anunciou nesta quinta-feira (15) a abertura de consulta p\u00fablica para debater o novo contrato de concess\u00e3o da&nbsp;<a href=\"https:\/\/www.sabesp.com.br\/site\/Default.aspx\" target=\"_blank\" rel=\"noreferrer noopener\">Sabesp<\/a>, que entrar\u00e1 em vigor ap\u00f3s a desestatiza\u00e7\u00e3o da companhia. Pessoas f\u00edsicas ou jur\u00eddicas t\u00eam 30 dias para o envio das contribui\u00e7\u00f5es, at\u00e9 15 de mar\u00e7o, por meio do endere\u00e7o&nbsp;<a href=\"https:\/\/semil.sp.gov.br\/desestatizacaosabesp\/\" target=\"_blank\" rel=\"noreferrer noopener\">https:\/\/semil.sp.gov.br\/desestatizacaosabesp\/<\/a>. Tamb\u00e9m haver\u00e1 oito audi\u00eancias p\u00fablicas \u2013 uma virtual e sete presenciais \u2013 nos munic\u00edpios de S\u00e3o Paulo, Santos, S\u00e3o Jos\u00e9 dos Campos, Registro, Franca, Presidente Prudente e Lins. As datas podem ser consultadas na p\u00e1gina da desestatiza\u00e7\u00e3o.<\/p>\n\n\n\n<p>\u201cO di\u00e1logo \u00e9 um dos pilares do nosso governo e a consulta p\u00fablica sobre a desestatiza\u00e7\u00e3o da Sabesp ser\u00e1 um momento fundamental para ouvir e contar com a participa\u00e7\u00e3o de toda a sociedade. Vamos avaliar todas as sugest\u00f5es, cr\u00edticas e apontamentos que possam aprimorar a proposta de forma muito transparente, como tem sido todo o processo. Esse momento vai fortalecer o consenso sobre trazer mais capital privado para a Sabesp e antecipar as metas de universaliza\u00e7\u00e3o do saneamento em S\u00e3o Paulo, levando \u00e1gua pot\u00e1vel e esgoto tratado para toda a popula\u00e7\u00e3o\u201d, disse Tarc\u00edsio.<\/p>\n\n\n\n<p>A consulta p\u00fablica vai debater o contrato de concess\u00e3o a ser firmado entre a Sabesp e a Unidade Regional de Servi\u00e7os de Abastecimento de \u00c1gua Pot\u00e1vel e Esgotamento Sanit\u00e1rio Sudeste (URAE-1), representando os titulares dos servi\u00e7os, com a Ag\u00eancia Reguladora de Servi\u00e7os P\u00fablicos do Estado de S\u00e3o Paulo (Arsesp) como interveniente.<\/p>\n\n\n\n<p>Al\u00e9m do contrato, ser\u00e3o discutidos os 375 anexos t\u00e9cnicos \u2013 um para cada munic\u00edpio atendido pela Sabesp \u2013 e o regimento interno da URAE-1, assim como a nova regula\u00e7\u00e3o tarif\u00e1ria e o plano de investimentos que inclui a universaliza\u00e7\u00e3o, redu\u00e7\u00e3o de perdas, moderniza\u00e7\u00e3o das redes de abastecimento, automa\u00e7\u00e3o, tratamento avan\u00e7ado de esgoto e melhoria da resili\u00eancia h\u00eddrica, entre outros.<\/p>\n\n\n\n<p>A consulta tamb\u00e9m vai abordar os indicadores de cobertura e de presta\u00e7\u00e3o dos servi\u00e7os com metas a serem seguidas pela Sabesp, as penalidades na tarifa por descumprimento contratual, a redu\u00e7\u00e3o tarif\u00e1ria e os repasses aos fundos municipais a partir da desestatiza\u00e7\u00e3o.<\/p>\n\n\n\n<p><strong>Cronograma de investimentos<\/strong><\/p>\n\n\n\n<p>O novo contrato da Sabesp prev\u00ea um cronograma de investimentos para todo o per\u00edodo da concess\u00e3o \u2013 referencial e orientativo \u2013 que dever\u00e1 ser revisto a cada cinco anos. No total, est\u00e3o previstos cerca de R$ 260 bilh\u00f5es, at\u00e9 2060, sendo R$ 68 bilh\u00f5es necess\u00e1rios \u00e0 universaliza\u00e7\u00e3o do saneamento b\u00e1sico em S\u00e3o Paulo at\u00e9 2029. A iniciativa estabelece as condi\u00e7\u00f5es para que no m\u00ednimo 99% da popula\u00e7\u00e3o tenha acesso \u00e0 \u00e1gua pot\u00e1vel e 90% \u00e0 coleta e tratamento de esgoto \u2013 regras estabelecidas no Novo Marco do Saneamento.<\/p>\n\n\n\n<p>Na pr\u00e1tica, os documentos definem a \u00e1rea em que a Sabesp passar\u00e1 a atuar ap\u00f3s a desestatiza\u00e7\u00e3o, incluindo a popula\u00e7\u00e3o rural e comunidades carentes que ainda n\u00e3o s\u00e3o atendidas pela empresa. Al\u00e9m disso, estabelecem investimentos previstos para cada munic\u00edpio e indicadores de cobertura e qualidade, al\u00e9m de metas e mecanismos para a verifica\u00e7\u00e3o dos investimentos. \u00c9 importante ressaltar que os investimentos tamb\u00e9m constam do novo Plano Regional de Saneamento, que ser\u00e1 submetido para aprova\u00e7\u00e3o pela URAE-1.<\/p>\n\n\n\n<p>Os anexos ainda abrangem uma lista de obras obrigat\u00f3rias em cada munic\u00edpio e os programas estruturantes como IntegraTiet\u00ea, Onda Limpa, Programa de Moderniza\u00e7\u00e3o do Saneamento 4.0, \u00c1gua Legal e Se Liga na Rede.<\/p>\n\n\n\n<p>Para o planejamento regional, a URAE-1 foi dividida em sete regionais, considerando o compartilhamento de bacias e infraestruturas. S\u00e3o elas: Regi\u00e3o Metropolitana de S\u00e3o Paulo; Baixada Santista; Vale do Para\u00edba e Litoral Norte; Vale do Ribeira; Pardo, Grande e Piracicaba-Capivari-Jundia\u00ed; Baixo e M\u00e9dio Tiet\u00ea; e Alto e Baixo Paranapanema<\/p>\n\n\n\n<p><strong>Regula\u00e7\u00e3o<\/strong><\/p>\n\n\n\n<p>O contrato prev\u00ea metas anuais para a universaliza\u00e7\u00e3o gradual at\u00e9 2029 e indicadores que ser\u00e3o acompanhados pela Arsesp, com o apoio de verificadores independentes, e tamb\u00e9m pela URAE-1, com o aux\u00edlio de comit\u00eas t\u00e9cnicos constitu\u00eddos no pr\u00f3prio colegiado.<\/p>\n\n\n\n<p>Os \u00edndices de cobertura indicam o percentual da popula\u00e7\u00e3o de cada cidade com \u00e1gua tratada e esgoto coletado e tratado. J\u00e1 os \u00edndices de qualidade medir\u00e3o as perdas de \u00e1gua na rede, a qualidade da \u00e1gua distribu\u00edda, vazamentos, reclama\u00e7\u00f5es de usu\u00e1rios. Tamb\u00e9m est\u00e1 inclu\u00edda a qualidade da pavimenta\u00e7\u00e3o de vias ap\u00f3s servi\u00e7os de manuten\u00e7\u00e3o ou expans\u00e3o da rede da Sabesp.<\/p>\n\n\n\n<p>Pela nova regula\u00e7\u00e3o proposta, se os indicadores ficarem abaixo das metas previstas no contrato e em seus anexos t\u00e9cnicos, a tarifa ser\u00e1 reduzida, por meio dos seguintes fatores:<\/p>\n\n\n\n<ul class=\"wp-block-list\">\n<li>Fator U (universaliza\u00e7\u00e3o): redu\u00e7\u00e3o caso os indicadores de cobertura fiquem abaixo das metas de universaliza\u00e7\u00e3o;<\/li>\n\n\n\n<li>Fator Q (qualidade): redu\u00e7\u00e3o caso os \u00edndices de qualidade fiquem abaixo das metas estabelecidas conforme o contrato de concess\u00e3o.<\/li>\n<\/ul>\n\n\n\n<p>\u201cO atual modelo incorpora na tarifa os investimentos que dever\u00e3o ser feitos no pr\u00f3ximo ciclo tarif\u00e1rio, ou seja, a empresa \u00e9 remunerada antes de prover a infraestrutura necess\u00e1ria. Na pr\u00e1tica, esse mecanismo diminui o alinhamento de incentivos para a melhor presta\u00e7\u00e3o dos servi\u00e7os. Estamos invertendo a l\u00f3gica e propondo que a empresa s\u00f3 tenha o valor dos investimentos incorporado na tarifa ap\u00f3s realiz\u00e1-los. Al\u00e9m disso, caso n\u00e3o os fa\u00e7a, ser\u00e1 penalizada com abatimento na tarifa. \u00c9 o que chamamos de regula\u00e7\u00e3o por incentivos, no caso dos Fatores U e Q, para al\u00e9m da regula\u00e7\u00e3o por comando e controle, cujo anexo espec\u00edfico detalha uma adequada grada\u00e7\u00e3o de penalidades, como multas\u201d, explica&nbsp;<a href=\"https:\/\/www.saopaulo.sp.gov.br\/orgaos-e-entidades\/secretarias\/meio-ambiente-infraestrutura-e-logistica\/\" target=\"_blank\" rel=\"noreferrer noopener\">Nat\u00e1lia Resende<\/a>, secret\u00e1ria estadual de Meio Ambiente, Infraestrutura e Log\u00edstica.<\/p>\n\n\n\n<p><strong>Fundos municipais<\/strong><\/p>\n\n\n\n<p>Todos os munic\u00edpios atendidos pela Sabesp receber\u00e3o repasses para os seus fundos municipais de saneamento. O contrato apresentado na consulta p\u00fablica define que 4% da receita obtida no territ\u00f3rio do munic\u00edpio seja repassado e destinado a projetos ambientais e de saneamento b\u00e1sico. A cidade de S\u00e3o Paulo, que j\u00e1 recebe 7,5% de repasse para o fundo pr\u00f3prio, ter\u00e1 o percentual mantido no novo acordo.<\/p>\n\n\n\n<p>A receita adicional \u00e9 fundamental para que os munic\u00edpios invistam em projetos de preven\u00e7\u00e3o a eventos clim\u00e1ticos extremos, obras de conten\u00e7\u00e3o a enchentes, drenagem, recupera\u00e7\u00e3o de \u00e1reas de preserva\u00e7\u00e3o ambiental e habita\u00e7\u00e3o de interesse social em \u00e1reas mais seguras.<\/p>\n\n\n\n<p>Para ter direito ao repasse, cada cidade deve regulamentar o fundo por meio de lei municipal. O Governo de S\u00e3o Paulo, por meio da&nbsp;<a href=\"https:\/\/semil.sp.gov.br\/semil\/\" target=\"_blank\" rel=\"noreferrer noopener\">Secretaria de Meio Ambiente, Infraestrutura e Log\u00edstica<\/a>, dar\u00e1 apoio t\u00e9cnico \u00e0s prefeituras durante todo o processo.<\/p>\n\n\n\n<p><strong>Pr\u00f3ximos passos<\/strong><\/p>\n\n\n\n<p>Ap\u00f3s a consulta p\u00fablica, o processo de desestatiza\u00e7\u00e3o prev\u00ea a reuni\u00e3o da URAE-1, em abril, e tamb\u00e9m do Conselho Diretor do Programa de Desestatiza\u00e7\u00e3o do Estado para defini\u00e7\u00e3o de percentuais de redu\u00e7\u00e3o tarif\u00e1ria e de participa\u00e7\u00e3o do Estado na empresa.<\/p>\n\n\n\n<p>Segundo crit\u00e9rios previamente estipulados, a tarifa ser\u00e1 reduzida, de imediato e a longo prazo, com foco na popula\u00e7\u00e3o mais carente, de forma a sempre estar abaixo do valor que seria praticado pela companhia sob controle estatal.<\/p>\n\n\n\n<p>A redu\u00e7\u00e3o ser\u00e1 bancada por meio de recursos do Fundo de Apoio \u00e0 Universaliza\u00e7\u00e3o do Saneamento no Estado de S\u00e3o Paulo (Fausp), com direcionamento de 30% do valor de venda da Sabesp, al\u00e9m dos dividendos da gest\u00e3o paulista. De acordo com o cronograma, a oferta p\u00fablica da Sabesp est\u00e1 prevista para meados de 2024.<\/p>\n<input type=\"hidden\" id=\"baseurl\" value=\"https:\/\/noticiasregionais.com.br\"><input type=\"hidden\" id=\"audio_nonce\" value=\"533fbb67b1\">","protected":false},"excerpt":{"rendered":"<p>Desestatiza\u00e7\u00e3o prev\u00ea investimentos de cerca de R$ 260 bilh\u00f5es em 375 munic\u00edpios at\u00e9 2060 O governador&nbsp;Tarc\u00edsio de Freitas&nbsp;anunciou nesta quinta-feira&hellip;<\/p>\n","protected":false},"author":1,"featured_media":2031,"comment_status":"closed","ping_status":"open","sticky":false,"template":"","format":"standard","meta":{"sfsi_plus_gutenberg_text_before_share":"","sfsi_plus_gutenberg_show_text_before_share":"","sfsi_plus_gutenberg_icon_type":"","sfsi_plus_gutenberg_icon_alignemt":"","sfsi_plus_gutenburg_max_per_row":"","footnotes":""},"categories":[6,10,1],"tags":[],"class_list":["post-2030","post","type-post","status-publish","format-standard","has-post-thumbnail","hentry","category-sao_paulo","category-destaques","category-noticias"],"_links":{"self":[{"href":"https:\/\/noticiasregionais.com.br\/index.php?rest_route=\/wp\/v2\/posts\/2030","targetHints":{"allow":["GET"]}}],"collection":[{"href":"https:\/\/noticiasregionais.com.br\/index.php?rest_route=\/wp\/v2\/posts"}],"about":[{"href":"https:\/\/noticiasregionais.com.br\/index.php?rest_route=\/wp\/v2\/types\/post"}],"author":[{"embeddable":true,"href":"https:\/\/noticiasregionais.com.br\/index.php?rest_route=\/wp\/v2\/users\/1"}],"replies":[{"embeddable":true,"href":"https:\/\/noticiasregionais.com.br\/index.php?rest_route=%2Fwp%2Fv2%2Fcomments&post=2030"}],"version-history":[{"count":1,"href":"https:\/\/noticiasregionais.com.br\/index.php?rest_route=\/wp\/v2\/posts\/2030\/revisions"}],"predecessor-version":[{"id":2032,"href":"https:\/\/noticiasregionais.com.br\/index.php?rest_route=\/wp\/v2\/posts\/2030\/revisions\/2032"}],"wp:featuredmedia":[{"embeddable":true,"href":"https:\/\/noticiasregionais.com.br\/index.php?rest_route=\/wp\/v2\/media\/2031"}],"wp:attachment":[{"href":"https:\/\/noticiasregionais.com.br\/index.php?rest_route=%2Fwp%2Fv2%2Fmedia&parent=2030"}],"wp:term":[{"taxonomy":"category","embeddable":true,"href":"https:\/\/noticiasregionais.com.br\/index.php?rest_route=%2Fwp%2Fv2%2Fcategories&post=2030"},{"taxonomy":"post_tag","embeddable":true,"href":"https:\/\/noticiasregionais.com.br\/index.php?rest_route=%2Fwp%2Fv2%2Ftags&post=2030"}],"curies":[{"name":"wp","href":"https:\/\/api.w.org\/{rel}","templated":true}]}}