{"id":2033,"date":"2024-02-15T20:16:44","date_gmt":"2024-02-15T23:16:44","guid":{"rendered":"https:\/\/noticiasregionais.com.br\/?p=2033"},"modified":"2024-02-15T20:16:56","modified_gmt":"2024-02-15T23:16:56","slug":"prf-encerra-operacao-carnaval-com-reducao-de-mortes","status":"publish","type":"post","link":"https:\/\/noticiasregionais.com.br\/?p=2033","title":{"rendered":"PRF encerra Opera\u00e7\u00e3o Carnaval com redu\u00e7\u00e3o de mortes"},"content":{"rendered":"\n<p class=\"has-text-align-center\"><strong>Empenho na fiscaliza\u00e7\u00e3o, conscientiza\u00e7\u00e3o de motoristas e boas condi\u00e7\u00f5es clim\u00e1ticas resultou na redu\u00e7\u00e3o de 60% no n\u00famero de mortes em compara\u00e7\u00e3o ao feriado do ano passado<\/strong><\/p>\n\n\n\n<p>A Pol\u00edcia Rodovi\u00e1ria Federal (PRF) encerrou, \u00e0s 23h59 de quarta-feira (14), a Opera\u00e7\u00e3o Carnaval. Em seis dias de fiscaliza\u00e7\u00e3o intensa e refor\u00e7ada nas rodovias federais paulistas, os policiais rodovi\u00e1rios federais trabalharam para manter a seguran\u00e7a vi\u00e1ria, com atividades que visavam a preven\u00e7\u00e3o de acidentes, mortes e feridos.<\/p>\n\n\n\n<p>Com o objetivo de garantir a seguran\u00e7a dos motoristas e passageiros, a PRF implementou uma s\u00e9rie de medidas, tais como o aumento do efetivo policial nas rodovias, a realiza\u00e7\u00e3o de blitzes para a fiscaliza\u00e7\u00e3o de documenta\u00e7\u00e3o e condi\u00e7\u00f5es dos ve\u00edculos, al\u00e9m do monitoramento do cumprimento das leis de tr\u00e2nsito, como o uso do cinto de seguran\u00e7a e a proibi\u00e7\u00e3o da combina\u00e7\u00e3o de \u00e1lcool e dire\u00e7\u00e3o.<\/p>\n\n\n\n<p>Ao todo, 137 motoristas foram autuados por consumir \u00e1lcool e dirigir ou por se recusar a fazer o teste de alcoolemia. O trabalho de fiscaliza\u00e7\u00e3o da Opera\u00e7\u00e3o Carnaval tamb\u00e9m flagrou 481 ultrapassagens indevidas e 3.265 ve\u00edculos acima dao limite de velocidade estabelecido para as rodovias.<\/p>\n\n\n\n<p>Al\u00e9m disso, a PRF tamb\u00e9m promoveu campanhas de conscientiza\u00e7\u00e3o e educa\u00e7\u00e3o no tr\u00e2nsito, visando sensibilizar os condutores sobre a import\u00e2ncia de uma dire\u00e7\u00e3o respons\u00e1vel e segura, assim como os riscos associados a comportamentos de risco. No total, 3.682 pessoas foram atingidas com as a\u00e7\u00f5es.<\/p>\n\n\n\n<p>Como resultado, foi registrada uma redu\u00e7\u00e3o significativa no n\u00famero de pessoas mortas em compara\u00e7\u00e3o com o ano passado: 5 pessoas em (2023) para 2 pessoas em (2024) e n\u00famero de feridos de 68 pessoas (2023) para 50 pessoas em (2024) durante o per\u00edodo do carnaval, contribuindo para um tr\u00e2nsito mais seguro e tranquilo para todos os usu\u00e1rios das rodovias.<\/p>\n\n\n\n<p><strong>FISCALIZA\u00c7\u00c3O<\/strong><\/p>\n\n\n\n<p>A PRF fiscalizou 11.226 ve\u00edculos nas rodovias federais paulistas de sexta at\u00e9 a quarta-feira (14).<br>2.798 motoristas realizaram o teste do etil\u00f4metro (baf\u00f4metro).<br>481 motoristas foram autuados por realizarem ultrapassagens proibidas.<\/p>\n\n\n\n<p><strong>OCORR\u00caNCIAS POLICIAIS<\/strong><\/p>\n\n\n\n<p>A PRF registrou 44 ocorr\u00eancias policiais durante este carnaval:<\/p>\n\n\n\n<p>O destaque vai para apreens\u00e3o de cerca de 500 quilos de maconha na rodovia Fern\u00e3o Dias, na sexta-feira (09), in\u00edcio da Opera\u00e7\u00e3o.<\/p>\n\n\n\n<p><strong>OPERA\u00c7\u00c3O RODOVIDA<\/strong><\/p>\n\n\n\n<p>A Opera\u00e7\u00e3o Carnaval \u00e9 a \u00faltima etapa das atividades desenvolvidas na Opera\u00e7\u00e3o Rodovida. Desde dezembro do ano passado, institui\u00e7\u00f5es federais, estaduais e municipais de tr\u00e2nsito intensificaram as a\u00e7\u00f5es para seguran\u00e7a vi\u00e1ria em todo o pa\u00eds.<\/p>\n\n\n\n<p>Na PRF, o trabalho incluiu as opera\u00e7\u00f5es Natal, Ano Novo e Carnaval. Neste per\u00edodo, policiais rodovi\u00e1rios federais intensificaram a fiscaliza\u00e7\u00e3o e realizaram a\u00e7\u00f5es educativas e preventivas, para conscientizar os motoristas sobre a import\u00e2ncia do respeito \u00e0s normas de tr\u00e2nsito. O objetivo \u00e9 reduzir o n\u00famero de sinistros, mortes e feridos nas rodovias federais.<\/p>\n<input type=\"hidden\" id=\"baseurl\" value=\"https:\/\/noticiasregionais.com.br\"><input type=\"hidden\" id=\"audio_nonce\" value=\"533fbb67b1\">","protected":false},"excerpt":{"rendered":"<p>Empenho na fiscaliza\u00e7\u00e3o, conscientiza\u00e7\u00e3o de motoristas e boas condi\u00e7\u00f5es clim\u00e1ticas resultou na redu\u00e7\u00e3o de 60% no n\u00famero de mortes em&hellip;<\/p>\n","protected":false},"author":1,"featured_media":2034,"comment_status":"closed","ping_status":"open","sticky":false,"template":"","format":"standard","meta":{"sfsi_plus_gutenberg_text_before_share":"","sfsi_plus_gutenberg_show_text_before_share":"","sfsi_plus_gutenberg_icon_type":"","sfsi_plus_gutenberg_icon_alignemt":"","sfsi_plus_gutenburg_max_per_row":"","footnotes":""},"categories":[6,12,1],"tags":[],"class_list":["post-2033","post","type-post","status-publish","format-standard","has-post-thumbnail","hentry","category-sao_paulo","category-capa","category-noticias"],"_links":{"self":[{"href":"https:\/\/noticiasregionais.com.br\/index.php?rest_route=\/wp\/v2\/posts\/2033","targetHints":{"allow":["GET"]}}],"collection":[{"href":"https:\/\/noticiasregionais.com.br\/index.php?rest_route=\/wp\/v2\/posts"}],"about":[{"href":"https:\/\/noticiasregionais.com.br\/index.php?rest_route=\/wp\/v2\/types\/post"}],"author":[{"embeddable":true,"href":"https:\/\/noticiasregionais.com.br\/index.php?rest_route=\/wp\/v2\/users\/1"}],"replies":[{"embeddable":true,"href":"https:\/\/noticiasregionais.com.br\/index.php?rest_route=%2Fwp%2Fv2%2Fcomments&post=2033"}],"version-history":[{"count":1,"href":"https:\/\/noticiasregionais.com.br\/index.php?rest_route=\/wp\/v2\/posts\/2033\/revisions"}],"predecessor-version":[{"id":2035,"href":"https:\/\/noticiasregionais.com.br\/index.php?rest_route=\/wp\/v2\/posts\/2033\/revisions\/2035"}],"wp:featuredmedia":[{"embeddable":true,"href":"https:\/\/noticiasregionais.com.br\/index.php?rest_route=\/wp\/v2\/media\/2034"}],"wp:attachment":[{"href":"https:\/\/noticiasregionais.com.br\/index.php?rest_route=%2Fwp%2Fv2%2Fmedia&parent=2033"}],"wp:term":[{"taxonomy":"category","embeddable":true,"href":"https:\/\/noticiasregionais.com.br\/index.php?rest_route=%2Fwp%2Fv2%2Fcategories&post=2033"},{"taxonomy":"post_tag","embeddable":true,"href":"https:\/\/noticiasregionais.com.br\/index.php?rest_route=%2Fwp%2Fv2%2Ftags&post=2033"}],"curies":[{"name":"wp","href":"https:\/\/api.w.org\/{rel}","templated":true}]}}