{"id":2039,"date":"2024-02-16T08:31:49","date_gmt":"2024-02-16T11:31:49","guid":{"rendered":"https:\/\/noticiasregionais.com.br\/?p=2039"},"modified":"2024-02-16T08:32:00","modified_gmt":"2024-02-16T11:32:00","slug":"bolsa-familia-pagamentos-comecam-nesta-sexta-feira-16","status":"publish","type":"post","link":"https:\/\/noticiasregionais.com.br\/?p=2039","title":{"rendered":"Bolsa Fam\u00edlia: pagamentos come\u00e7am nesta sexta-feira (16)"},"content":{"rendered":"\n<p class=\"has-text-align-center\"><strong>Nesta sexta-feira, 16 de fevereiro, a CAIXA inicia o pagamento do Bolsa Fam\u00edlia para os benefici\u00e1rios com o N\u00famero de Identifica\u00e7\u00e3o Social &#8211; NIS terminado em 1<\/strong><\/p>\n\n\n\n<p>A CAIXA inicia nesta sexta-feira, 16 de fevereiro, o pagamento do Bolsa Fam\u00edlia referente ao m\u00eas de fevereiro. Os primeiros benefici\u00e1rios s\u00e3o aqueles com o N\u00famero de Identifica\u00e7\u00e3o Social, o NIS, terminado em 1.<\/p>\n\n\n\n<p>Vale lembrar que, para benef\u00edcio creditado em conta no CAIXA Tem, o benefici\u00e1rio pode fazer transfer\u00eancias, pagar contas e fazer PIX, direto no aplicativo do celular.<\/p>\n\n\n\n<p>O benef\u00edcio tamb\u00e9m pode ser movimentado utilizando o cart\u00e3o de d\u00e9bito da conta nos com\u00e9rcios ou nas Unidades Lot\u00e9ricas, Correspondentes CAIXA Aqui, terminais de autoatendimento e em Ag\u00eancias da CAIXA.<\/p>\n\n\n\n<p>Para baixar os aplicativos CAIXA Tem e Bolsa Fam\u00edlia \u00e9 bem f\u00e1cil, basta entrar na loja de aplicativos do seu smartphone. \u00c9 de gra\u00e7a. N\u00e3o se esque\u00e7a!<\/p>\n\n\n\n<p><a href=\"whatsapp:\/\/send?text= https:\/\/brasil61.com\/n\/bolsa-familia-pagamentos-comecam-nesta-sexta-feira-16-pcxa240250\"><\/a><a href=\"http:\/\/www.facebook.com\/sharer.php?u=https:\/\/brasil61.com\/n\/bolsa-familia-pagamentos-comecam-nesta-sexta-feira-16-pcxa240250&amp;t=\" target=\"_blank\" rel=\"noreferrer noopener\"> <\/a><a href=\"https:\/\/twitter.com\/share?url=https:\/\/brasil61.com\/n\/bolsa-familia-pagamentos-comecam-nesta-sexta-feira-16-pcxa240250&amp;text=\" target=\"_blank\" rel=\"noreferrer noopener\"><\/a><a href=\"mailto:?Subject=Bolsa Fam\u00edlia: pagamentos come\u00e7am nesta sexta-feira (16)&amp;Body= https:\/\/brasil61.com\/n\/bolsa-familia-pagamentos-comecam-nesta-sexta-feira-16-pcxa240250\"><\/a><\/p>\n\n\n\n<p>Fonte: <a href=\"https:\/\/brasil61.com\/n\/bolsa-familia-pagamentos-comecam-nesta-sexta-feira-16-pcxa240250?email=fxmendes2012@gmail.com&amp;utm_source=email_individual&amp;utm_medium=email_individual&amp;utm_campaign=email_individual\" target=\"_blank\" rel=\"noreferrer noopener\">Brasil 61<\/a><\/p>\n<input type=\"hidden\" id=\"baseurl\" value=\"https:\/\/noticiasregionais.com.br\"><input type=\"hidden\" id=\"audio_nonce\" value=\"533fbb67b1\">","protected":false},"excerpt":{"rendered":"<p>Nesta sexta-feira, 16 de fevereiro, a CAIXA inicia o pagamento do Bolsa Fam\u00edlia para os benefici\u00e1rios com o N\u00famero de&hellip;<\/p>\n","protected":false},"author":1,"featured_media":1908,"comment_status":"closed","ping_status":"open","sticky":false,"template":"","format":"standard","meta":{"sfsi_plus_gutenberg_text_before_share":"","sfsi_plus_gutenberg_show_text_before_share":"","sfsi_plus_gutenberg_icon_type":"","sfsi_plus_gutenberg_icon_alignemt":"","sfsi_plus_gutenburg_max_per_row":"","footnotes":""},"categories":[8,10,1],"tags":[],"class_list":["post-2039","post","type-post","status-publish","format-standard","has-post-thumbnail","hentry","category-brasil","category-destaques","category-noticias"],"_links":{"self":[{"href":"https:\/\/noticiasregionais.com.br\/index.php?rest_route=\/wp\/v2\/posts\/2039","targetHints":{"allow":["GET"]}}],"collection":[{"href":"https:\/\/noticiasregionais.com.br\/index.php?rest_route=\/wp\/v2\/posts"}],"about":[{"href":"https:\/\/noticiasregionais.com.br\/index.php?rest_route=\/wp\/v2\/types\/post"}],"author":[{"embeddable":true,"href":"https:\/\/noticiasregionais.com.br\/index.php?rest_route=\/wp\/v2\/users\/1"}],"replies":[{"embeddable":true,"href":"https:\/\/noticiasregionais.com.br\/index.php?rest_route=%2Fwp%2Fv2%2Fcomments&post=2039"}],"version-history":[{"count":1,"href":"https:\/\/noticiasregionais.com.br\/index.php?rest_route=\/wp\/v2\/posts\/2039\/revisions"}],"predecessor-version":[{"id":2040,"href":"https:\/\/noticiasregionais.com.br\/index.php?rest_route=\/wp\/v2\/posts\/2039\/revisions\/2040"}],"wp:featuredmedia":[{"embeddable":true,"href":"https:\/\/noticiasregionais.com.br\/index.php?rest_route=\/wp\/v2\/media\/1908"}],"wp:attachment":[{"href":"https:\/\/noticiasregionais.com.br\/index.php?rest_route=%2Fwp%2Fv2%2Fmedia&parent=2039"}],"wp:term":[{"taxonomy":"category","embeddable":true,"href":"https:\/\/noticiasregionais.com.br\/index.php?rest_route=%2Fwp%2Fv2%2Fcategories&post=2039"},{"taxonomy":"post_tag","embeddable":true,"href":"https:\/\/noticiasregionais.com.br\/index.php?rest_route=%2Fwp%2Fv2%2Ftags&post=2039"}],"curies":[{"name":"wp","href":"https:\/\/api.w.org\/{rel}","templated":true}]}}