{"id":2041,"date":"2024-02-18T08:40:00","date_gmt":"2024-02-18T11:40:00","guid":{"rendered":"https:\/\/noticiasregionais.com.br\/?p=2041"},"modified":"2024-02-18T08:40:12","modified_gmt":"2024-02-18T11:40:12","slug":"trio-e-preso-pela-prf-em-ourinhos-com-carga-de-cigarros-do-paraguay-avaliada-em-mais-de-125-milhao","status":"publish","type":"post","link":"https:\/\/noticiasregionais.com.br\/?p=2041","title":{"rendered":"Trio \u00e9 preso pela PRF em Ourinhos com carga de cigarros do Paraguay avaliada em mais de 1,25 milh\u00e3o"},"content":{"rendered":"\n<p class=\"has-text-align-center\"><strong>Carga estava escondida em caminh\u00e3o que tinha carro batedor para verificar caminho<\/strong><\/p>\n\n\n\n<p>Policiais rodovi\u00e1rios federais prederam tr\u00eas homens na tarde de s\u00e1bado (17\/2) na cidade de Ourinhos\/SP, na divisa entre os estrados de S\u00e3o Paulo com o Paran\u00e1, os quais transportavam 250.000 ma\u00e7os de cigarros de origem paraguaia da marca Eight escondidos em meio a caixas de m\u00f3veis novos em um caminh\u00e3o. A carga il\u00edcita est\u00e1 avaliada em aproximadamente R$ 1.250.000,00 no mercado brasileiro.<\/p>\n\n\n\n<p>O flagrante ocorreu no in\u00edcio da tarde de s\u00e1bado quando uma equipe da Pol\u00edcia Rodovi\u00e1ria Federal passava pelo entrocamento da BR-153 com a rodovia SP-278. O local fica na divisa entre S\u00e3o Paulo e Paran\u00e1 e comumente \u00e9 usada por criminosos para evitar a passagem pela base da PRF em Ourinhos. Quando os policiais decidiram acompanhar uma caminhonete VW Saveiro para abordagem, seu motorista entrou na SP-278, rodovia Mello Peixoto. A equipe policial abordou o ve\u00edculo, o qual tinha como motorista um homem de 44 anos e um passageiro de 33 anos. Ambos apresentaram nervosismo e deram pistas durante a conversa que havia algo de errado sem sua viagem. Durante uma fiscaliza\u00e7\u00e3o minuciosa, os PRFs descobriram um contrato recente de um caminh\u00e3o com placas de Maring\u00e1\/PR e informaram as equipes no trecho para apoio na procura.<\/p>\n\n\n\n<p>O caminh\u00e3o VW\/14.210 foi encontrado fazendo o mesmo trajeto do carro, com e foi abordado tamb\u00e9m j\u00e1 na SP-278. Seu motorista, um homem de 54 anos, apresentou uma nota fiscal do carregamento e, ao ser informado haveria uma inspe\u00e7\u00e3o no conte\u00fado do bau e perguntado se havia algum il\u00edcito no interior, confessou que transportava caixas de cigarros de origem paraguaia.<\/p>\n\n\n\n<p>Os policiais encontraram 500 caixas de cigarros da marca Eight, correspondendo a 250.000 ma\u00e7os e a carga tinha destino a cidade de Guarulhos, na regi\u00e3o metropolitana de S\u00e3o Paulo. Os tr\u00eas homens foram presos em flagrante e levados para a delegacia da Pol\u00edcia Federal em Mar\u00edlia, onde tamb\u00e9m a carga e os dois ve\u00edculos foram apreendidos. Eles permanecem presos pelos crimes de contrabando e associa\u00e7\u00e3o criminosa e passar\u00e3o por audi\u00eancia de cust\u00f3dia.<\/p>\n\n\n\n<figure class=\"wp-block-gallery has-nested-images columns-default is-cropped wp-block-gallery-1 is-layout-flex wp-block-gallery-is-layout-flex\">\n<figure class=\"wp-block-image size-large\"><img decoding=\"async\" width=\"1024\" height=\"768\" data-id=\"2043\" src=\"https:\/\/noticiasregionais.com.br\/wp-content\/uploads\/2024\/02\/WhatsApp-Image-2024-02-18-at-07.04.51-1024x768.jpeg\" alt=\"\" class=\"wp-image-2043\" srcset=\"https:\/\/noticiasregionais.com.br\/wp-content\/uploads\/2024\/02\/WhatsApp-Image-2024-02-18-at-07.04.51-1024x768.jpeg 1024w, https:\/\/noticiasregionais.com.br\/wp-content\/uploads\/2024\/02\/WhatsApp-Image-2024-02-18-at-07.04.51-300x225.jpeg 300w, https:\/\/noticiasregionais.com.br\/wp-content\/uploads\/2024\/02\/WhatsApp-Image-2024-02-18-at-07.04.51-768x576.jpeg 768w, https:\/\/noticiasregionais.com.br\/wp-content\/uploads\/2024\/02\/WhatsApp-Image-2024-02-18-at-07.04.51.jpeg 1152w\" sizes=\"(max-width: 1024px) 100vw, 1024px\" \/><\/figure>\n\n\n\n<figure class=\"wp-block-image size-large\"><img decoding=\"async\" width=\"1024\" height=\"768\" data-id=\"2044\" src=\"https:\/\/noticiasregionais.com.br\/wp-content\/uploads\/2024\/02\/WhatsApp-Image-2024-02-18-at-07.04.53-1024x768.jpeg\" alt=\"\" class=\"wp-image-2044\" srcset=\"https:\/\/noticiasregionais.com.br\/wp-content\/uploads\/2024\/02\/WhatsApp-Image-2024-02-18-at-07.04.53-1024x768.jpeg 1024w, https:\/\/noticiasregionais.com.br\/wp-content\/uploads\/2024\/02\/WhatsApp-Image-2024-02-18-at-07.04.53-300x225.jpeg 300w, https:\/\/noticiasregionais.com.br\/wp-content\/uploads\/2024\/02\/WhatsApp-Image-2024-02-18-at-07.04.53-768x576.jpeg 768w, https:\/\/noticiasregionais.com.br\/wp-content\/uploads\/2024\/02\/WhatsApp-Image-2024-02-18-at-07.04.53.jpeg 1152w\" sizes=\"(max-width: 1024px) 100vw, 1024px\" \/><\/figure>\n<\/figure>\n<input type=\"hidden\" id=\"baseurl\" value=\"https:\/\/noticiasregionais.com.br\"><input type=\"hidden\" id=\"audio_nonce\" value=\"533fbb67b1\">","protected":false},"excerpt":{"rendered":"<p>Carga estava escondida em caminh\u00e3o que tinha carro batedor para verificar caminho Policiais rodovi\u00e1rios federais prederam tr\u00eas homens na tarde&hellip;<\/p>\n","protected":false},"author":1,"featured_media":2042,"comment_status":"closed","ping_status":"open","sticky":false,"template":"","format":"standard","meta":{"sfsi_plus_gutenberg_text_before_share":"","sfsi_plus_gutenberg_show_text_before_share":"","sfsi_plus_gutenberg_icon_type":"","sfsi_plus_gutenberg_icon_alignemt":"","sfsi_plus_gutenburg_max_per_row":"","footnotes":""},"categories":[5,10,1],"tags":[],"class_list":["post-2041","post","type-post","status-publish","format-standard","has-post-thumbnail","hentry","category-ourinhos","category-destaques","category-noticias"],"_links":{"self":[{"href":"https:\/\/noticiasregionais.com.br\/index.php?rest_route=\/wp\/v2\/posts\/2041","targetHints":{"allow":["GET"]}}],"collection":[{"href":"https:\/\/noticiasregionais.com.br\/index.php?rest_route=\/wp\/v2\/posts"}],"about":[{"href":"https:\/\/noticiasregionais.com.br\/index.php?rest_route=\/wp\/v2\/types\/post"}],"author":[{"embeddable":true,"href":"https:\/\/noticiasregionais.com.br\/index.php?rest_route=\/wp\/v2\/users\/1"}],"replies":[{"embeddable":true,"href":"https:\/\/noticiasregionais.com.br\/index.php?rest_route=%2Fwp%2Fv2%2Fcomments&post=2041"}],"version-history":[{"count":1,"href":"https:\/\/noticiasregionais.com.br\/index.php?rest_route=\/wp\/v2\/posts\/2041\/revisions"}],"predecessor-version":[{"id":2045,"href":"https:\/\/noticiasregionais.com.br\/index.php?rest_route=\/wp\/v2\/posts\/2041\/revisions\/2045"}],"wp:featuredmedia":[{"embeddable":true,"href":"https:\/\/noticiasregionais.com.br\/index.php?rest_route=\/wp\/v2\/media\/2042"}],"wp:attachment":[{"href":"https:\/\/noticiasregionais.com.br\/index.php?rest_route=%2Fwp%2Fv2%2Fmedia&parent=2041"}],"wp:term":[{"taxonomy":"category","embeddable":true,"href":"https:\/\/noticiasregionais.com.br\/index.php?rest_route=%2Fwp%2Fv2%2Fcategories&post=2041"},{"taxonomy":"post_tag","embeddable":true,"href":"https:\/\/noticiasregionais.com.br\/index.php?rest_route=%2Fwp%2Fv2%2Ftags&post=2041"}],"curies":[{"name":"wp","href":"https:\/\/api.w.org\/{rel}","templated":true}]}}