{"id":2046,"date":"2024-02-18T08:44:26","date_gmt":"2024-02-18T11:44:26","guid":{"rendered":"https:\/\/noticiasregionais.com.br\/?p=2046"},"modified":"2024-02-18T08:44:37","modified_gmt":"2024-02-18T11:44:37","slug":"governo-de-sp-realiza-antecipacao-de-r-205-milhoes-para-o-combate-a-dengue","status":"publish","type":"post","link":"https:\/\/noticiasregionais.com.br\/?p=2046","title":{"rendered":"Governo de SP realiza antecipa\u00e7\u00e3o de R$ 205 milh\u00f5es para o combate \u00e0 dengue"},"content":{"rendered":"\n<p class=\"has-text-align-center\"><strong>Secretaria da Sa\u00fade destinou novos recursos para 645 munic\u00edpios paulistas em a\u00e7\u00e3o emergencial contra as arboviroses<\/strong><\/p>\n\n\n\n<p>O Governo de S\u00e3o Paulo antecipou o pagamento de R$ 205 milh\u00f5es do IGM SUS Paulista (Incentivo \u00e0 Gest\u00e3o Municipal) para suporte aos 645 munic\u00edpios paulistas, no enfrentamento \u00e0s arboviroses urbanas, sobretudo \u00e0 dengue, que registrou 51.175 casos no estado at\u00e9 o dia 15 de fevereiro.<\/p>\n\n\n\n<p>O pagamento, anteriormente previsto para ocorrer em maio de 2024, faz parte das a\u00e7\u00f5es contra a dengue anunciadas pelo Centro de Opera\u00e7\u00f5es de Emerg\u00eancias (COE), coordenado pela Secretaria de Sa\u00fade de S\u00e3o Paulo (<a href=\"https:\/\/portaldenoticias.saude.sp.gov.br\/\" target=\"_blank\" rel=\"noreferrer noopener\">SES<\/a>).<\/p>\n\n\n\n<p>Os recursos financeiros foram transferidos pela SES aos munic\u00edpios na modalidade \u201cfundo a fundo\u201d, destinada \u00e0 cobertura das a\u00e7\u00f5es e servi\u00e7os de sa\u00fade implementados pelos Estados, Distrito Federal e Munic\u00edpios, cujos valores da primeira parcela do componente fixo s\u00e3o apresentados na tabela de pagamento da antecipa\u00e7\u00e3o do IGM SUS Paulista<\/p>\n\n\n\n<p>Os recursos provenientes do programa IGM SUS Paulista se somam \u00e0s medidas de intensifica\u00e7\u00e3o de suporte aos munic\u00edpios. Al\u00e9m disso, se necess\u00e1rio e ap\u00f3s avalia\u00e7\u00e3o t\u00e9cnica, equipamentos port\u00e1teis e pesados podem ser disponibilizados para a utiliza\u00e7\u00e3o nas cidades. Esse trabalho ser\u00e1 apoiado pela Defesa Civil Estadual, que tamb\u00e9m intensificar\u00e1 em parceria com as Defesas Civis Municipais o trabalho de visita \u00e0s resid\u00eancias e orienta\u00e7\u00e3o aos cidad\u00e3os em todo o Estado.<\/p>\n\n\n\n<p>Para verificar o quanto foi repassado para o combate \u00e0 dengue em cada munic\u00edpio, basta somar os valores das duas tabelas publicadas nas resolu\u00e7\u00f5es SS 18 e 20, com o detalhamento da antecipa\u00e7\u00e3o do IGM e de recurso complementar, que podem ser acessadas<a href=\"https:\/\/portaldenoticias.saude.sp.gov.br\/wp-content\/uploads\/2024\/02\/Edicao-Suplementar-Saude-DOE.pdf\" target=\"_blank\" rel=\"noreferrer noopener\">&nbsp;aqui.<\/a><\/p>\n\n\n\n<p><strong>Treinamento para Defesa Civil<\/strong><\/p>\n\n\n\n<p>Ainda como parte das a\u00e7\u00f5es emergenciais, o Centro de Controle de Doen\u00e7as (CCD) da SES-SP promoveu um treinamento para a Defesa Civil dos Estados de Paran\u00e1 (PR), Mato Grosso do Sul (MT) e S\u00e3o Paulo (SP) na quinta-feira (15). A capacita\u00e7\u00e3o focou em medidas de controle do vetor da dengue com t\u00e9cnicas seguras de trabalho. O evento foi transmitido online e pode ser acessado pelo link:&nbsp;<a href=\"https:\/\/www.youtube.com\/live\/_KlXMZH7Vxw?si=GFg_zfQLy9iBHOvV\" target=\"_blank\" rel=\"noreferrer noopener\">https:\/\/www.youtube.com\/live\/_KlXMZH7Vxw?si=GFg_zfQLy9iBHOvV<\/a><\/p>\n<input type=\"hidden\" id=\"baseurl\" value=\"https:\/\/noticiasregionais.com.br\"><input type=\"hidden\" id=\"audio_nonce\" value=\"533fbb67b1\">","protected":false},"excerpt":{"rendered":"<p>Secretaria da Sa\u00fade destinou novos recursos para 645 munic\u00edpios paulistas em a\u00e7\u00e3o emergencial contra as arboviroses O Governo de S\u00e3o&hellip;<\/p>\n","protected":false},"author":1,"featured_media":2047,"comment_status":"closed","ping_status":"open","sticky":false,"template":"","format":"standard","meta":{"sfsi_plus_gutenberg_text_before_share":"","sfsi_plus_gutenberg_show_text_before_share":"","sfsi_plus_gutenberg_icon_type":"","sfsi_plus_gutenberg_icon_alignemt":"","sfsi_plus_gutenburg_max_per_row":"","footnotes":""},"categories":[6,10,1],"tags":[],"class_list":["post-2046","post","type-post","status-publish","format-standard","has-post-thumbnail","hentry","category-sao_paulo","category-destaques","category-noticias"],"_links":{"self":[{"href":"https:\/\/noticiasregionais.com.br\/index.php?rest_route=\/wp\/v2\/posts\/2046","targetHints":{"allow":["GET"]}}],"collection":[{"href":"https:\/\/noticiasregionais.com.br\/index.php?rest_route=\/wp\/v2\/posts"}],"about":[{"href":"https:\/\/noticiasregionais.com.br\/index.php?rest_route=\/wp\/v2\/types\/post"}],"author":[{"embeddable":true,"href":"https:\/\/noticiasregionais.com.br\/index.php?rest_route=\/wp\/v2\/users\/1"}],"replies":[{"embeddable":true,"href":"https:\/\/noticiasregionais.com.br\/index.php?rest_route=%2Fwp%2Fv2%2Fcomments&post=2046"}],"version-history":[{"count":1,"href":"https:\/\/noticiasregionais.com.br\/index.php?rest_route=\/wp\/v2\/posts\/2046\/revisions"}],"predecessor-version":[{"id":2048,"href":"https:\/\/noticiasregionais.com.br\/index.php?rest_route=\/wp\/v2\/posts\/2046\/revisions\/2048"}],"wp:featuredmedia":[{"embeddable":true,"href":"https:\/\/noticiasregionais.com.br\/index.php?rest_route=\/wp\/v2\/media\/2047"}],"wp:attachment":[{"href":"https:\/\/noticiasregionais.com.br\/index.php?rest_route=%2Fwp%2Fv2%2Fmedia&parent=2046"}],"wp:term":[{"taxonomy":"category","embeddable":true,"href":"https:\/\/noticiasregionais.com.br\/index.php?rest_route=%2Fwp%2Fv2%2Fcategories&post=2046"},{"taxonomy":"post_tag","embeddable":true,"href":"https:\/\/noticiasregionais.com.br\/index.php?rest_route=%2Fwp%2Fv2%2Ftags&post=2046"}],"curies":[{"name":"wp","href":"https:\/\/api.w.org\/{rel}","templated":true}]}}