{"id":2049,"date":"2024-02-18T08:56:54","date_gmt":"2024-02-18T11:56:54","guid":{"rendered":"https:\/\/noticiasregionais.com.br\/?p=2049"},"modified":"2024-02-18T08:57:06","modified_gmt":"2024-02-18T11:57:06","slug":"vereador-guilherme-goncalves-visita-a-ace-e-ressalta-importancia-da-instituicao-para-ourinhos","status":"publish","type":"post","link":"https:\/\/noticiasregionais.com.br\/?p=2049","title":{"rendered":"Vereador Guilherme Gon\u00e7alves visita a ACE e ressalta importancia da institui\u00e7\u00e3o para Ourinhos"},"content":{"rendered":"\n<p>O vereador e pr\u00e9-candidato a Prefeito, Guilherme Gon\u00e7alves, esteve no \u00faltimo dia 15 na sede da ACE. O pol\u00edtico foi recepcionado pelo Presidente Robson Martuchi e pelo Presidente do Conselho, Diogenes Correa Leite.<\/p>\n\n\n\n<p>Guilherme j\u00e1 conhecia a nova sede da ACE e ressaltou que \u00e9 sempre de grande valia visitar a institui\u00e7\u00e3o. \u201cPrazer enorme estar mais uma vez aqui na ACE. \u00c9 sempre importante lembrar que o desenvolvimento de Ourinhos passa pela Associa\u00e7\u00e3o e toda vez que venho aqui aprendo muito\u201d.<\/p>\n\n\n\n<p>O pol\u00edtico ressaltou a import\u00e2ncia da rela\u00e7\u00e3o entre o poder p\u00fablico e as institui\u00e7\u00f5es. \u201cAcredito que nos \u00faltimos tempos faltou di\u00e1logo e a cidade poderia estar caminhando para um rumo de desenvolvimento muito maior\u201d.<\/p>\n\n\n\n<p>Guilherme ressaltou tamb\u00e9m o trabalho de incentivo \u00e0 qualifica\u00e7\u00e3o profissional feito pela ACE. \u201cJ\u00e1 s\u00e3o 90 anos de representatividade s\u00f3lida comercial e empresarial. Al\u00e9m disso, a ACE trouxe para Ourinhos o Sesi, Sebrae, Senai e Senac, que transformaram a vida de milhares de pessoas qualificando e capacitando para o mercado de trabalho. Quanto mais qualifica\u00e7\u00e3o, mais as empresas crescem e mais Ourinhos se desenvolve\u201d.<\/p>\n\n\n\n<p>Robson Martuchi agradeceu Guilherme por ter aceitado o convite da visita. \u201cA ACE exerce seu trabalho forte e representativo. Precisamos sempre conhecer os planos e projetos para o desenvolvimento econ\u00f4mico de Ourinhos. Agradecemos o Guilherme pela visita e estamos sempre prontos para realizar parcerias junto com o poder p\u00fablico para desenvolvimento de Ourinhos, objetivando sempre a gera\u00e7\u00e3o de emprego e renda para o munic\u00edpio. A ACE \u00e9 o principal motor para o desenvolvimento de Ourinhos, o que pode ser comprovado pelas conquistas concretas dos \u00faltimos anos\u201d.<\/p>\n\n\n\n<p><strong><sub>fonte: Assessoria de Comunica\u00e7\u00e3o da ACE Ourinhos<\/sub><\/strong><\/p>\n<input type=\"hidden\" id=\"baseurl\" value=\"https:\/\/noticiasregionais.com.br\"><input type=\"hidden\" id=\"audio_nonce\" value=\"533fbb67b1\">","protected":false},"excerpt":{"rendered":"<p>O vereador e pr\u00e9-candidato a Prefeito, Guilherme Gon\u00e7alves, esteve no \u00faltimo dia 15 na sede da ACE. O pol\u00edtico foi&hellip;<\/p>\n","protected":false},"author":1,"featured_media":2050,"comment_status":"closed","ping_status":"open","sticky":false,"template":"","format":"standard","meta":{"sfsi_plus_gutenberg_text_before_share":"","sfsi_plus_gutenberg_show_text_before_share":"","sfsi_plus_gutenberg_icon_type":"","sfsi_plus_gutenberg_icon_alignemt":"","sfsi_plus_gutenburg_max_per_row":"","footnotes":""},"categories":[5,12,1],"tags":[],"class_list":["post-2049","post","type-post","status-publish","format-standard","has-post-thumbnail","hentry","category-ourinhos","category-capa","category-noticias"],"_links":{"self":[{"href":"https:\/\/noticiasregionais.com.br\/index.php?rest_route=\/wp\/v2\/posts\/2049","targetHints":{"allow":["GET"]}}],"collection":[{"href":"https:\/\/noticiasregionais.com.br\/index.php?rest_route=\/wp\/v2\/posts"}],"about":[{"href":"https:\/\/noticiasregionais.com.br\/index.php?rest_route=\/wp\/v2\/types\/post"}],"author":[{"embeddable":true,"href":"https:\/\/noticiasregionais.com.br\/index.php?rest_route=\/wp\/v2\/users\/1"}],"replies":[{"embeddable":true,"href":"https:\/\/noticiasregionais.com.br\/index.php?rest_route=%2Fwp%2Fv2%2Fcomments&post=2049"}],"version-history":[{"count":1,"href":"https:\/\/noticiasregionais.com.br\/index.php?rest_route=\/wp\/v2\/posts\/2049\/revisions"}],"predecessor-version":[{"id":2051,"href":"https:\/\/noticiasregionais.com.br\/index.php?rest_route=\/wp\/v2\/posts\/2049\/revisions\/2051"}],"wp:featuredmedia":[{"embeddable":true,"href":"https:\/\/noticiasregionais.com.br\/index.php?rest_route=\/wp\/v2\/media\/2050"}],"wp:attachment":[{"href":"https:\/\/noticiasregionais.com.br\/index.php?rest_route=%2Fwp%2Fv2%2Fmedia&parent=2049"}],"wp:term":[{"taxonomy":"category","embeddable":true,"href":"https:\/\/noticiasregionais.com.br\/index.php?rest_route=%2Fwp%2Fv2%2Fcategories&post=2049"},{"taxonomy":"post_tag","embeddable":true,"href":"https:\/\/noticiasregionais.com.br\/index.php?rest_route=%2Fwp%2Fv2%2Ftags&post=2049"}],"curies":[{"name":"wp","href":"https:\/\/api.w.org\/{rel}","templated":true}]}}