{"id":2052,"date":"2024-02-18T09:49:38","date_gmt":"2024-02-18T12:49:38","guid":{"rendered":"https:\/\/noticiasregionais.com.br\/?p=2052"},"modified":"2024-02-18T09:49:50","modified_gmt":"2024-02-18T12:49:50","slug":"contrabandista-e-preso-com-250-mil-macos-de-cigarros-na-raposo-tavares","status":"publish","type":"post","link":"https:\/\/noticiasregionais.com.br\/?p=2052","title":{"rendered":"Contrabandista \u00e9 preso com 250 mil ma\u00e7os de cigarros na Raposo Tavares"},"content":{"rendered":"\n<p class=\"has-text-align-center\"><strong>Produto estava escondido e totalizou 500 caixas de cigarros da marca &#8220;Eight&#8221;, sem documenta\u00e7\u00e3o fiscal.<\/strong><\/p>\n\n\n\n<p>Um homem de 42 anos foi preso em flagrante por contrabando na tarde de s\u00e1bado (17), na Rodovia Raposo Tavares (SP-270), em Piraju, no interior de S\u00e3o Paulo.<\/p>\n\n\n\n<p>Policiais militares do 2\u00ba Batalh\u00e3o de Pol\u00edcia Rodovi\u00e1ria abordaram o condutor de um caminh\u00e3o Ford\/Cargo durante a Opera\u00e7\u00e3o Impacto. Na vistoria, foram encontrados 500 caixas de cigarros da marca &#8220;Eight&#8221;, totalizando 250.000 ma\u00e7os, sem documenta\u00e7\u00e3o fiscal.<\/p>\n\n\n\n<p>A carga, oriunda do Paraguai, foi apreendida, assim como o caminh\u00e3o. O indiciado foi encaminhado \u00e0 Delegacia de Pol\u00edcia Federal de Mar\u00edlia, onde foi elaborado um Inqu\u00e9rito Policial Federal (IPF) por contrabando\/descaminho. Ele foi posteriormente encaminhado \u00e0 Cadeia P\u00fablica de Lut\u00e9cia.<\/p>\n<input type=\"hidden\" id=\"baseurl\" value=\"https:\/\/noticiasregionais.com.br\"><input type=\"hidden\" id=\"audio_nonce\" value=\"533fbb67b1\">","protected":false},"excerpt":{"rendered":"<p>Produto estava escondido e totalizou 500 caixas de cigarros da marca &#8220;Eight&#8221;, sem documenta\u00e7\u00e3o fiscal. Um homem de 42 anos&hellip;<\/p>\n","protected":false},"author":1,"featured_media":2053,"comment_status":"closed","ping_status":"open","sticky":false,"template":"","format":"standard","meta":{"sfsi_plus_gutenberg_text_before_share":"","sfsi_plus_gutenberg_show_text_before_share":"","sfsi_plus_gutenberg_icon_type":"","sfsi_plus_gutenberg_icon_alignemt":"","sfsi_plus_gutenburg_max_per_row":"","footnotes":""},"categories":[6,10,1],"tags":[],"class_list":["post-2052","post","type-post","status-publish","format-standard","has-post-thumbnail","hentry","category-sao_paulo","category-destaques","category-noticias"],"_links":{"self":[{"href":"https:\/\/noticiasregionais.com.br\/index.php?rest_route=\/wp\/v2\/posts\/2052","targetHints":{"allow":["GET"]}}],"collection":[{"href":"https:\/\/noticiasregionais.com.br\/index.php?rest_route=\/wp\/v2\/posts"}],"about":[{"href":"https:\/\/noticiasregionais.com.br\/index.php?rest_route=\/wp\/v2\/types\/post"}],"author":[{"embeddable":true,"href":"https:\/\/noticiasregionais.com.br\/index.php?rest_route=\/wp\/v2\/users\/1"}],"replies":[{"embeddable":true,"href":"https:\/\/noticiasregionais.com.br\/index.php?rest_route=%2Fwp%2Fv2%2Fcomments&post=2052"}],"version-history":[{"count":1,"href":"https:\/\/noticiasregionais.com.br\/index.php?rest_route=\/wp\/v2\/posts\/2052\/revisions"}],"predecessor-version":[{"id":2054,"href":"https:\/\/noticiasregionais.com.br\/index.php?rest_route=\/wp\/v2\/posts\/2052\/revisions\/2054"}],"wp:featuredmedia":[{"embeddable":true,"href":"https:\/\/noticiasregionais.com.br\/index.php?rest_route=\/wp\/v2\/media\/2053"}],"wp:attachment":[{"href":"https:\/\/noticiasregionais.com.br\/index.php?rest_route=%2Fwp%2Fv2%2Fmedia&parent=2052"}],"wp:term":[{"taxonomy":"category","embeddable":true,"href":"https:\/\/noticiasregionais.com.br\/index.php?rest_route=%2Fwp%2Fv2%2Fcategories&post=2052"},{"taxonomy":"post_tag","embeddable":true,"href":"https:\/\/noticiasregionais.com.br\/index.php?rest_route=%2Fwp%2Fv2%2Ftags&post=2052"}],"curies":[{"name":"wp","href":"https:\/\/api.w.org\/{rel}","templated":true}]}}