{"id":2055,"date":"2024-02-19T20:06:00","date_gmt":"2024-02-19T23:06:00","guid":{"rendered":"https:\/\/noticiasregionais.com.br\/?p=2055"},"modified":"2024-02-19T20:21:37","modified_gmt":"2024-02-19T23:21:37","slug":"moradores-do-conjunto-orlando-quagliato-cobram-melhorias-nas-ruas-e-infraestrutura-do-bairro","status":"publish","type":"post","link":"https:\/\/noticiasregionais.com.br\/?p=2055","title":{"rendered":"Moradores do Conjunto Orlando Quagliato cobram melhorias nas ruas e infraestrutura do bairro"},"content":{"rendered":"\n<p class=\"has-text-align-center\"><strong>Buracos, eros\u00f5es, sali\u00eancias no pavimento e falta de manuten\u00e7\u00e3o geral s\u00e3o alguns dos problemas enfrentados pelos moradores.<\/strong><\/p>\n\n\n\n<p>Atendendo a denuncia de um leitor, em visita ao Conjunto Habitacional Orlando Quagliato, a equipe do <strong>NOT\u00cdCIAS REGIONAIS<\/strong> constatou a precariedade das vias do local. Buracos, eros\u00f5es, sali\u00eancias no pavimento e falta de manuten\u00e7\u00e3o geral s\u00e3o alguns dos problemas enfrentados pelos moradores.<\/p>\n\n\n\n<p>O Sr. Silvio P. N. Oliveira, morador do conjunto, relata a situa\u00e7\u00e3o: &#8220;\u00c9 um verdadeiro desafio transitar pelas ruas do bairro. A Rua Cl\u00e1udio Luis dos Santos e a Rua Corino M. de Oliveira s\u00e3o as piores, com buracos enormes que acabam com o carro, at\u00e9 a p\u00e9 \u00e9 dif\u00edcil.&#8221;<\/p>\n\n\n\n<p>Em mar\u00e7o de 2023, o Vereador Alexandre Florencio Dias aprovou a Indica\u00e7\u00e3o N\u00ba 653\/2023 para uma opera\u00e7\u00e3o &#8220;tapa-buracos&#8221; na Rua Corino M de Oliveira, o que deixa claro a ci\u00eancia das autoridades sobre os graves problemas, mas, segundo os moradores, a a\u00e7\u00e3o nunca foi realizada.<\/p>\n\n\n\n<p><strong>Ciclovia Abandonada<\/strong><\/p>\n\n\n\n<p>A ciclovia que liga o bairro \u00e0 FAPI tamb\u00e9m se encontra em estado prec\u00e1rio. O piso escorregadio, o descarte irregular de lixo, galhadas e mato alto impedem o uso seguro do espa\u00e7o pelos ciclistas e pedestres.<\/p>\n\n\n\n<p><strong>Falta de Espa\u00e7o de Lazer<\/strong><\/p>\n\n\n\n<p>Um pequeno jardim criado pelos pr\u00f3prios moradores no fim da Rua Pedro Alexandre est\u00e1 tomado pelo mato, deixando de ser um local de descanso e lazer para a comunidade. As crian\u00e7as s\u00e3o frequentemente vistas brincando de futebol nas ruas, devido \u00e0 falta de \u00e1reas de lazer adequadas.<\/p>\n\n\n\n<p><strong>Falta de Cuidado<\/strong><\/p>\n\n\n\n<p>A esposa do Senhor Silvio desabafa: &#8220;Acho falta de um pouco mais de cuidado com a Vila aqui. Passo em certos lugares onde nem buraco tem e tem gente asfaltando l\u00e1, por que aqui n\u00e3o? Acho que a Nova Ourinhos precisa menos que a gente, j\u00e1 fizeram l\u00e1&#8221;<\/p>\n\n\n\n<p><strong>Os moradores do Conjunto Habitacional Orlando Quagliato pedem provid\u00eancias urgentes da Prefeitura Municipal para que as ruas sejam recuperadas e a infraestrutura do bairro seja melhorada.<\/strong><\/p>\n\n\n\n<figure class=\"wp-block-gallery has-nested-images columns-5 is-cropped wp-block-gallery-1 is-layout-flex wp-block-gallery-is-layout-flex\">\n<figure class=\"wp-block-image size-thumbnail\"><a href=\"https:\/\/noticiasregionais.com.br\/wp-content\/uploads\/2024\/02\/WhatsApp-Image-2024-02-18-at-11.10.33-1.jpeg\"><img decoding=\"async\" width=\"150\" height=\"150\" data-id=\"2057\" src=\"https:\/\/noticiasregionais.com.br\/wp-content\/uploads\/2024\/02\/WhatsApp-Image-2024-02-18-at-11.10.33-1-150x150.jpeg\" alt=\"\" class=\"wp-image-2057\"\/><\/a><\/figure>\n\n\n\n<figure class=\"wp-block-image size-thumbnail\"><a href=\"https:\/\/noticiasregionais.com.br\/wp-content\/uploads\/2024\/02\/WhatsApp-Image-2024-02-18-at-11.10.33-2.jpeg\"><img decoding=\"async\" width=\"150\" height=\"150\" data-id=\"2060\" src=\"https:\/\/noticiasregionais.com.br\/wp-content\/uploads\/2024\/02\/WhatsApp-Image-2024-02-18-at-11.10.33-2-150x150.jpeg\" alt=\"\" class=\"wp-image-2060\"\/><\/a><\/figure>\n\n\n\n<figure class=\"wp-block-image size-thumbnail\"><a href=\"https:\/\/noticiasregionais.com.br\/wp-content\/uploads\/2024\/02\/WhatsApp-Image-2024-02-18-at-11.10.33.jpeg\"><img decoding=\"async\" width=\"150\" height=\"150\" data-id=\"2058\" src=\"https:\/\/noticiasregionais.com.br\/wp-content\/uploads\/2024\/02\/WhatsApp-Image-2024-02-18-at-11.10.33-150x150.jpeg\" alt=\"\" class=\"wp-image-2058\"\/><\/a><\/figure>\n\n\n\n<figure class=\"wp-block-image size-thumbnail\"><a href=\"https:\/\/noticiasregionais.com.br\/wp-content\/uploads\/2024\/02\/WhatsApp-Image-2024-02-18-at-11.10.34-1.jpeg\"><img decoding=\"async\" width=\"150\" height=\"150\" data-id=\"2059\" src=\"https:\/\/noticiasregionais.com.br\/wp-content\/uploads\/2024\/02\/WhatsApp-Image-2024-02-18-at-11.10.34-1-150x150.jpeg\" alt=\"\" class=\"wp-image-2059\"\/><\/a><\/figure>\n\n\n\n<figure class=\"wp-block-image size-thumbnail\"><a href=\"https:\/\/noticiasregionais.com.br\/wp-content\/uploads\/2024\/02\/WhatsApp-Image-2024-02-18-at-11.10.34.jpeg\"><img decoding=\"async\" width=\"150\" height=\"150\" data-id=\"2061\" src=\"https:\/\/noticiasregionais.com.br\/wp-content\/uploads\/2024\/02\/WhatsApp-Image-2024-02-18-at-11.10.34-150x150.jpeg\" alt=\"\" class=\"wp-image-2061\"\/><\/a><\/figure>\n<\/figure>\n<input type=\"hidden\" id=\"baseurl\" value=\"https:\/\/noticiasregionais.com.br\"><input type=\"hidden\" id=\"audio_nonce\" value=\"533fbb67b1\">","protected":false},"excerpt":{"rendered":"<p>Buracos, eros\u00f5es, sali\u00eancias no pavimento e falta de manuten\u00e7\u00e3o geral s\u00e3o alguns dos problemas enfrentados pelos moradores. Atendendo a denuncia&hellip;<\/p>\n","protected":false},"author":1,"featured_media":2056,"comment_status":"closed","ping_status":"open","sticky":false,"template":"","format":"standard","meta":{"sfsi_plus_gutenberg_text_before_share":"","sfsi_plus_gutenberg_show_text_before_share":"","sfsi_plus_gutenberg_icon_type":"","sfsi_plus_gutenberg_icon_alignemt":"","sfsi_plus_gutenburg_max_per_row":"","footnotes":""},"categories":[5,10,1],"tags":[],"class_list":["post-2055","post","type-post","status-publish","format-standard","has-post-thumbnail","hentry","category-ourinhos","category-destaques","category-noticias"],"_links":{"self":[{"href":"https:\/\/noticiasregionais.com.br\/index.php?rest_route=\/wp\/v2\/posts\/2055","targetHints":{"allow":["GET"]}}],"collection":[{"href":"https:\/\/noticiasregionais.com.br\/index.php?rest_route=\/wp\/v2\/posts"}],"about":[{"href":"https:\/\/noticiasregionais.com.br\/index.php?rest_route=\/wp\/v2\/types\/post"}],"author":[{"embeddable":true,"href":"https:\/\/noticiasregionais.com.br\/index.php?rest_route=\/wp\/v2\/users\/1"}],"replies":[{"embeddable":true,"href":"https:\/\/noticiasregionais.com.br\/index.php?rest_route=%2Fwp%2Fv2%2Fcomments&post=2055"}],"version-history":[{"count":2,"href":"https:\/\/noticiasregionais.com.br\/index.php?rest_route=\/wp\/v2\/posts\/2055\/revisions"}],"predecessor-version":[{"id":2063,"href":"https:\/\/noticiasregionais.com.br\/index.php?rest_route=\/wp\/v2\/posts\/2055\/revisions\/2063"}],"wp:featuredmedia":[{"embeddable":true,"href":"https:\/\/noticiasregionais.com.br\/index.php?rest_route=\/wp\/v2\/media\/2056"}],"wp:attachment":[{"href":"https:\/\/noticiasregionais.com.br\/index.php?rest_route=%2Fwp%2Fv2%2Fmedia&parent=2055"}],"wp:term":[{"taxonomy":"category","embeddable":true,"href":"https:\/\/noticiasregionais.com.br\/index.php?rest_route=%2Fwp%2Fv2%2Fcategories&post=2055"},{"taxonomy":"post_tag","embeddable":true,"href":"https:\/\/noticiasregionais.com.br\/index.php?rest_route=%2Fwp%2Fv2%2Ftags&post=2055"}],"curies":[{"name":"wp","href":"https:\/\/api.w.org\/{rel}","templated":true}]}}