{"id":2067,"date":"2024-02-19T15:17:57","date_gmt":"2024-02-19T18:17:57","guid":{"rendered":"https:\/\/noticiasregionais.com.br\/?p=2067"},"modified":"2024-02-19T15:18:09","modified_gmt":"2024-02-19T18:18:09","slug":"pacientes-continuam-denunciando-falta-de-tiras-para-testes-de-glicemia-em-ourinhos","status":"publish","type":"post","link":"https:\/\/noticiasregionais.com.br\/?p=2067","title":{"rendered":"Pacientes continuam denunciando falta de tiras para testes de glicemia em Ourinhos"},"content":{"rendered":"\n<p class=\"has-text-align-center\"><strong>Vereador Roberto Tasca apresenta Requerimento solicitando informa\u00e7\u00f5es sobre a falta de tiras de testes de glicemia na rede municipal de sa\u00fade<\/strong><\/p>\n\n\n\n<p>Ap\u00f3s receber den\u00fancias de pacientes e fam\u00edlias preocupadas com a situa\u00e7\u00e3o, o vereador Roberto Tasca apresentou o Requerimento n\u00ba147\/2024 solicitando informa\u00e7\u00f5es sobre a falta de tiras de testes de glicemia na rede municipal de sa\u00fade.<\/p>\n\n\n\n<p>\u201cUma semana antes do carnaval, recebi v\u00e1rias den\u00fancias relatando que estavam faltando as tiras, mas, na verdade, sabemos o caos que a sa\u00fade est\u00e1: falta tiras, falta rem\u00e9dio para diabetes, falta at\u00e9 dipirona\u201d, relatou o parlamentar.<\/p>\n\n\n\n<p>Tasca ressaltou que recentemente o Minist\u00e9rio P\u00fablico mandou trocar os aparelhos para medi\u00e7\u00e3o de glicemia, que estavam sendo fornecidos pela Prefeitura. \u201cOs aparelhos mediam errado. \u00c9 uma situa\u00e7\u00e3o extremamente grave e agora temos essa quest\u00e3o das tiras. Precisamos saber qual a previs\u00e3o de regulariza\u00e7\u00e3o do estoque, mas tamb\u00e9m quero saber qual a prioridade do Prefeito Lucas Pocay diante dessa situa\u00e7\u00e3o\u201d.<\/p>\n<input type=\"hidden\" id=\"baseurl\" value=\"https:\/\/noticiasregionais.com.br\"><input type=\"hidden\" id=\"audio_nonce\" value=\"533fbb67b1\">","protected":false},"excerpt":{"rendered":"<p>Vereador Roberto Tasca apresenta Requerimento solicitando informa\u00e7\u00f5es sobre a falta de tiras de testes de glicemia na rede municipal de&hellip;<\/p>\n","protected":false},"author":1,"featured_media":2068,"comment_status":"closed","ping_status":"open","sticky":false,"template":"","format":"standard","meta":{"sfsi_plus_gutenberg_text_before_share":"","sfsi_plus_gutenberg_show_text_before_share":"","sfsi_plus_gutenberg_icon_type":"","sfsi_plus_gutenberg_icon_alignemt":"","sfsi_plus_gutenburg_max_per_row":"","footnotes":""},"categories":[5,10,1],"tags":[],"class_list":["post-2067","post","type-post","status-publish","format-standard","has-post-thumbnail","hentry","category-ourinhos","category-destaques","category-noticias"],"_links":{"self":[{"href":"https:\/\/noticiasregionais.com.br\/index.php?rest_route=\/wp\/v2\/posts\/2067","targetHints":{"allow":["GET"]}}],"collection":[{"href":"https:\/\/noticiasregionais.com.br\/index.php?rest_route=\/wp\/v2\/posts"}],"about":[{"href":"https:\/\/noticiasregionais.com.br\/index.php?rest_route=\/wp\/v2\/types\/post"}],"author":[{"embeddable":true,"href":"https:\/\/noticiasregionais.com.br\/index.php?rest_route=\/wp\/v2\/users\/1"}],"replies":[{"embeddable":true,"href":"https:\/\/noticiasregionais.com.br\/index.php?rest_route=%2Fwp%2Fv2%2Fcomments&post=2067"}],"version-history":[{"count":1,"href":"https:\/\/noticiasregionais.com.br\/index.php?rest_route=\/wp\/v2\/posts\/2067\/revisions"}],"predecessor-version":[{"id":2069,"href":"https:\/\/noticiasregionais.com.br\/index.php?rest_route=\/wp\/v2\/posts\/2067\/revisions\/2069"}],"wp:featuredmedia":[{"embeddable":true,"href":"https:\/\/noticiasregionais.com.br\/index.php?rest_route=\/wp\/v2\/media\/2068"}],"wp:attachment":[{"href":"https:\/\/noticiasregionais.com.br\/index.php?rest_route=%2Fwp%2Fv2%2Fmedia&parent=2067"}],"wp:term":[{"taxonomy":"category","embeddable":true,"href":"https:\/\/noticiasregionais.com.br\/index.php?rest_route=%2Fwp%2Fv2%2Fcategories&post=2067"},{"taxonomy":"post_tag","embeddable":true,"href":"https:\/\/noticiasregionais.com.br\/index.php?rest_route=%2Fwp%2Fv2%2Ftags&post=2067"}],"curies":[{"name":"wp","href":"https:\/\/api.w.org\/{rel}","templated":true}]}}