{"id":2070,"date":"2024-02-19T15:22:54","date_gmt":"2024-02-19T18:22:54","guid":{"rendered":"https:\/\/noticiasregionais.com.br\/?p=2070"},"modified":"2024-02-19T16:16:51","modified_gmt":"2024-02-19T19:16:51","slug":"junta-militar-esta-com-cadastro-aberto-para-alistamento-de-jovens-que-completarao-18-anos-em-2024","status":"publish","type":"post","link":"https:\/\/noticiasregionais.com.br\/?p=2070","title":{"rendered":"Junta Militar est\u00e1 com cadastro aberto para alistamento de jovens que completar\u00e3o 18 anos em 2024"},"content":{"rendered":"\n<p class=\"has-text-align-center\"><strong>A Junta Militar de Ourinhos est\u00e1 com cadastro aberto para alistamento obrigat\u00f3rio de jovens nascidos em 2006, que completar\u00e3o 18 anos at\u00e9 31 de dezembro de 2024.<\/strong><\/p>\n\n\n\n<p>O Alistamento Militar pode ser efetuado de maneira online, atrav\u00e9s do site www.alistamento.eb.mil.br, at\u00e9 30 de junho de 2024. Ser\u00e1 necess\u00e1rio informar o n\u00famero do Cadastro de Pessoa F\u00edsica (CPF), n\u00famero de celular (com DDD) e e-mail pessoal para futuros contatos. Tamb\u00e9m \u00e9 poss\u00edvel realizar o alistamento presencialmente na Junta de Servi\u00e7o Militar, localizada na Rua Monsenhor C\u00f3rdova, 218 &#8211; Centro.<\/p>\n\n\n\n<p>Aqueles nascidos em anos anteriores que ainda n\u00e3o realizaram o Alistamento Militar devem comparecer \u00e0 Junta de Servi\u00e7o Militar para regularizar sua situa\u00e7\u00e3o.<\/p>\n\n\n\n<p>\u00c9 importante destacar que o alistamento \u00e9 obrigat\u00f3rio e o descumprimento pode acarretar em contratempos para o cidad\u00e3o, como impossibilidade de retirar passaporte, ingressar no servi\u00e7o p\u00fablico ou na iniciativa privada, entre outros.<\/p>\n\n\n\n<p>Para esclarecer eventuais d\u00favidas, entre em contato pelo telefone (14) 3335-9127, durante o hor\u00e1rio de atendimento ao p\u00fablico das 08:00h \u00e0s 14:00h, de segunda a sexta-feira.<\/p>\n<input type=\"hidden\" id=\"baseurl\" value=\"https:\/\/noticiasregionais.com.br\"><input type=\"hidden\" id=\"audio_nonce\" value=\"533fbb67b1\">","protected":false},"excerpt":{"rendered":"<p>A Junta Militar de Ourinhos est\u00e1 com cadastro aberto para alistamento obrigat\u00f3rio de jovens nascidos em 2006, que completar\u00e3o 18&hellip;<\/p>\n","protected":false},"author":1,"featured_media":2071,"comment_status":"closed","ping_status":"open","sticky":false,"template":"","format":"standard","meta":{"sfsi_plus_gutenberg_text_before_share":"","sfsi_plus_gutenberg_show_text_before_share":"","sfsi_plus_gutenberg_icon_type":"","sfsi_plus_gutenberg_icon_alignemt":"","sfsi_plus_gutenburg_max_per_row":"","footnotes":""},"categories":[5,1],"tags":[],"class_list":["post-2070","post","type-post","status-publish","format-standard","has-post-thumbnail","hentry","category-ourinhos","category-noticias"],"_links":{"self":[{"href":"https:\/\/noticiasregionais.com.br\/index.php?rest_route=\/wp\/v2\/posts\/2070","targetHints":{"allow":["GET"]}}],"collection":[{"href":"https:\/\/noticiasregionais.com.br\/index.php?rest_route=\/wp\/v2\/posts"}],"about":[{"href":"https:\/\/noticiasregionais.com.br\/index.php?rest_route=\/wp\/v2\/types\/post"}],"author":[{"embeddable":true,"href":"https:\/\/noticiasregionais.com.br\/index.php?rest_route=\/wp\/v2\/users\/1"}],"replies":[{"embeddable":true,"href":"https:\/\/noticiasregionais.com.br\/index.php?rest_route=%2Fwp%2Fv2%2Fcomments&post=2070"}],"version-history":[{"count":1,"href":"https:\/\/noticiasregionais.com.br\/index.php?rest_route=\/wp\/v2\/posts\/2070\/revisions"}],"predecessor-version":[{"id":2072,"href":"https:\/\/noticiasregionais.com.br\/index.php?rest_route=\/wp\/v2\/posts\/2070\/revisions\/2072"}],"wp:featuredmedia":[{"embeddable":true,"href":"https:\/\/noticiasregionais.com.br\/index.php?rest_route=\/wp\/v2\/media\/2071"}],"wp:attachment":[{"href":"https:\/\/noticiasregionais.com.br\/index.php?rest_route=%2Fwp%2Fv2%2Fmedia&parent=2070"}],"wp:term":[{"taxonomy":"category","embeddable":true,"href":"https:\/\/noticiasregionais.com.br\/index.php?rest_route=%2Fwp%2Fv2%2Fcategories&post=2070"},{"taxonomy":"post_tag","embeddable":true,"href":"https:\/\/noticiasregionais.com.br\/index.php?rest_route=%2Fwp%2Fv2%2Ftags&post=2070"}],"curies":[{"name":"wp","href":"https:\/\/api.w.org\/{rel}","templated":true}]}}