{"id":2078,"date":"2024-02-19T16:16:17","date_gmt":"2024-02-19T19:16:17","guid":{"rendered":"https:\/\/noticiasregionais.com.br\/?p=2078"},"modified":"2024-02-19T16:16:29","modified_gmt":"2024-02-19T19:16:29","slug":"maconha-em-apartamento-k9-fareja-e-pm-apreende-pes-de-cannabis-e-outros-itens-em-bauru","status":"publish","type":"post","link":"https:\/\/noticiasregionais.com.br\/?p=2078","title":{"rendered":"Maconha em apartamento: K9 fareja e PM apreende p\u00e9s de Cannabis e outros itens em Bauru"},"content":{"rendered":"\n<p>Na tarde deste s\u00e1bado (17), policiais militares do K9 do 13\u00ba BAEP (Batalh\u00e3o de A\u00e7\u00f5es Especiais de Pol\u00edcia) de Bauru, S\u00e3o Paulo, receberam uma den\u00fancia an\u00f4nima que informava sobre a poss\u00edvel exist\u00eancia de uma planta\u00e7\u00e3o de maconha em um apartamento na Vila Giunta.<\/p>\n\n\n\n<p>Ao chegarem pr\u00f3ximo ao local indicado, os policiais avistaram, pela janela de um dos apartamentos, diversas plantas que aparentavam ser da esp\u00e9cie Cannabis sativa, popularmente conhecida como maconha.<\/p>\n\n\n\n<p>Com o intuito de confirmar a suspeita e realizar uma varredura completa no local, os policiais acionaram o c\u00e3o farejador K9 An\u00fabis. Ao farejar a porta do apartamento em quest\u00e3o, o c\u00e3o indicou a presen\u00e7a de drogas.<\/p>\n\n\n\n<p>Diante da fundada suspeita, a equipe policial entrou no apartamento, que estava aberto, e encontrou em um dos quartos quatro plantas de Cannabis sativa em pleno crescimento, al\u00e9m de pequenas por\u00e7\u00f5es de maconha prontas para o consumo e duas balan\u00e7as de precis\u00e3o.<\/p>\n\n\n\n<p>Durante a opera\u00e7\u00e3o, os policiais tamb\u00e9m localizaram o RG do morador do im\u00f3vel, que n\u00e3o foi encontrado no local. Todos os objetos apreendidos foram levados ao Plant\u00e3o Policial, onde a Autoridade de Pol\u00edcia Judici\u00e1ria ratificou a apreens\u00e3o.<\/p>\n\n\n\n<p>A a\u00e7\u00e3o da Pol\u00edcia Militar demonstra o compromisso da institui\u00e7\u00e3o no combate ao tr\u00e1fico de drogas e na garantia da seguran\u00e7a da popula\u00e7\u00e3o. A investiga\u00e7\u00e3o do caso segue em andamento para identificar o respons\u00e1vel pela planta\u00e7\u00e3o e pelo tr\u00e1fico de drogas.<\/p>\n<input type=\"hidden\" id=\"baseurl\" value=\"https:\/\/noticiasregionais.com.br\"><input type=\"hidden\" id=\"audio_nonce\" value=\"3cdc555a10\">","protected":false},"excerpt":{"rendered":"<p>Na tarde deste s\u00e1bado (17), policiais militares do K9 do 13\u00ba BAEP (Batalh\u00e3o de A\u00e7\u00f5es Especiais de Pol\u00edcia) de Bauru,&hellip;<\/p>\n","protected":false},"author":1,"featured_media":2079,"comment_status":"closed","ping_status":"open","sticky":false,"template":"","format":"standard","meta":{"sfsi_plus_gutenberg_text_before_share":"","sfsi_plus_gutenberg_show_text_before_share":"","sfsi_plus_gutenberg_icon_type":"","sfsi_plus_gutenberg_icon_alignemt":"","sfsi_plus_gutenburg_max_per_row":"","footnotes":""},"categories":[6,10,1],"tags":[],"class_list":["post-2078","post","type-post","status-publish","format-standard","has-post-thumbnail","hentry","category-sao_paulo","category-destaques","category-noticias"],"_links":{"self":[{"href":"https:\/\/noticiasregionais.com.br\/index.php?rest_route=\/wp\/v2\/posts\/2078","targetHints":{"allow":["GET"]}}],"collection":[{"href":"https:\/\/noticiasregionais.com.br\/index.php?rest_route=\/wp\/v2\/posts"}],"about":[{"href":"https:\/\/noticiasregionais.com.br\/index.php?rest_route=\/wp\/v2\/types\/post"}],"author":[{"embeddable":true,"href":"https:\/\/noticiasregionais.com.br\/index.php?rest_route=\/wp\/v2\/users\/1"}],"replies":[{"embeddable":true,"href":"https:\/\/noticiasregionais.com.br\/index.php?rest_route=%2Fwp%2Fv2%2Fcomments&post=2078"}],"version-history":[{"count":1,"href":"https:\/\/noticiasregionais.com.br\/index.php?rest_route=\/wp\/v2\/posts\/2078\/revisions"}],"predecessor-version":[{"id":2080,"href":"https:\/\/noticiasregionais.com.br\/index.php?rest_route=\/wp\/v2\/posts\/2078\/revisions\/2080"}],"wp:featuredmedia":[{"embeddable":true,"href":"https:\/\/noticiasregionais.com.br\/index.php?rest_route=\/wp\/v2\/media\/2079"}],"wp:attachment":[{"href":"https:\/\/noticiasregionais.com.br\/index.php?rest_route=%2Fwp%2Fv2%2Fmedia&parent=2078"}],"wp:term":[{"taxonomy":"category","embeddable":true,"href":"https:\/\/noticiasregionais.com.br\/index.php?rest_route=%2Fwp%2Fv2%2Fcategories&post=2078"},{"taxonomy":"post_tag","embeddable":true,"href":"https:\/\/noticiasregionais.com.br\/index.php?rest_route=%2Fwp%2Fv2%2Ftags&post=2078"}],"curies":[{"name":"wp","href":"https:\/\/api.w.org\/{rel}","templated":true}]}}