{"id":2082,"date":"2024-02-19T20:12:35","date_gmt":"2024-02-19T23:12:35","guid":{"rendered":"https:\/\/noticiasregionais.com.br\/?p=2082"},"modified":"2024-02-19T20:12:47","modified_gmt":"2024-02-19T23:12:47","slug":"dupla-operacao-com-apoio-do-k9-do-13o-baep-resulta-em-prisoes-por-trafico-de-drogas-na-vila-brasil","status":"publish","type":"post","link":"https:\/\/noticiasregionais.com.br\/?p=2082","title":{"rendered":"Dupla opera\u00e7\u00e3o com apoio do K9 do 13\u00ba BAEP resulta em pris\u00f5es por tr\u00e1fico de drogas na Vila Brasil"},"content":{"rendered":"\n<p>Na manh\u00e3 desta segunda-feira (19), duas opera\u00e7\u00f5es conjuntas entre o K9 do 13\u00ba Batalh\u00e3o de A\u00e7\u00f5es Especiais de Pol\u00edcia (BAEP), Equipes de For\u00e7a T\u00e1tica do 31\u00ba Batalh\u00e3o de Pol\u00edcia Militar do Interior (BPM\/I) e a Delegacia de Investiga\u00e7\u00f5es sobre Entorpecentes (DISE) de Ourinhos resultaram na pris\u00e3o de dois indiv\u00edduos por tr\u00e1fico de drogas.<\/p>\n\n\n\n<p><strong>Primeira opera\u00e7\u00e3o:<\/strong><\/p>\n\n\n\n<ul class=\"wp-block-list\">\n<li><strong>Local:<\/strong>&nbsp;Rua \u00c1lvaro Rolim,&nbsp;Vila Brasil,&nbsp;Ourinhos\/SP.<\/li>\n\n\n\n<li><strong>Hor\u00e1rio:<\/strong>&nbsp;07h30.<\/li>\n\n\n\n<li><strong>Resultado:<\/strong>\n<ul class=\"wp-block-list\">\n<li>Um indiv\u00edduo de 22 anos foi preso em flagrante.<\/li>\n\n\n\n<li>Foram apreendidas 18 pedras brutas de crack (0,0395kg).<\/li>\n<\/ul>\n<\/li>\n<\/ul>\n\n\n\n<p><strong>Segunda opera\u00e7\u00e3o:<\/strong><\/p>\n\n\n\n<ul class=\"wp-block-list\">\n<li><strong>Local:<\/strong>&nbsp;Rua Duque de Caxias,&nbsp;Vila Brasil,&nbsp;Ourinhos\/SP.<\/li>\n\n\n\n<li><strong>Hor\u00e1rio:<\/strong>&nbsp;08h30.<\/li>\n\n\n\n<li><strong>Resultado:<\/strong>\n<ul class=\"wp-block-list\">\n<li>Um indiv\u00edduo de 25 anos foi preso em flagrante.<\/li>\n\n\n\n<li>Foram apreendidas 2 pedras brutas de crack (0,017kg).<\/li>\n<\/ul>\n<\/li>\n<\/ul>\n\n\n\n<p>Em ambas as opera\u00e7\u00f5es, o c\u00e3o farejador Grey desempenhou um papel crucial na localiza\u00e7\u00e3o das drogas. Nas duas ocasi\u00f5es, o animal indicou os locais onde as subst\u00e2ncias il\u00edcitas estavam escondidas.<\/p>\n\n\n\n<p>Ap\u00f3s as pris\u00f5es, os indiv\u00edduos e as drogas apreendidas foram apresentados na DISE de Ourinhos, onde permaneceram \u00e0 disposi\u00e7\u00e3o da Justi\u00e7a.<\/p>\n\n\n\n<p><strong>Combate ao tr\u00e1fico de drogas<\/strong><\/p>\n\n\n\n<p>As opera\u00e7\u00f5es demonstram o compromisso das Pol\u00edcias Militar e Civil de Ourinhos no combate ao tr\u00e1fico de drogas. A atua\u00e7\u00e3o conjunta das for\u00e7as de seguran\u00e7a, com o apoio do K9, tem sido fundamental para desarticular pontos de venda e prender traficantes na regi\u00e3o.<\/p>\n\n\n\n<p><strong>Importante:<\/strong><\/p>\n\n\n\n<ul class=\"wp-block-list\">\n<li>As informa\u00e7\u00f5es s\u00e3o baseadas em comunicados oficiais do setor de comunica\u00e7\u00e3o social do BAEP.<\/li>\n\n\n\n<li>Os nomes dos indiv\u00edduos presos n\u00e3o foram divulgados.<\/li>\n\n\n\n<li>As investiga\u00e7\u00f5es continuam e a pol\u00edcia n\u00e3o descarta a possibilidade de novas pris\u00f5es.<\/li>\n<\/ul>\n\n\n\n<figure class=\"wp-block-gallery has-nested-images columns-5 is-cropped wp-block-gallery-1 is-layout-flex wp-block-gallery-is-layout-flex\">\n<figure class=\"wp-block-image size-large\"><a href=\"https:\/\/noticiasregionais.com.br\/wp-content\/uploads\/2024\/02\/WhatsApp-Image-2024-02-19-at-17.44.59.jpeg\"><img decoding=\"async\" width=\"1024\" height=\"733\" data-id=\"2086\" src=\"https:\/\/noticiasregionais.com.br\/wp-content\/uploads\/2024\/02\/WhatsApp-Image-2024-02-19-at-17.44.59-1024x733.jpeg\" alt=\"\" class=\"wp-image-2086\" srcset=\"https:\/\/noticiasregionais.com.br\/wp-content\/uploads\/2024\/02\/WhatsApp-Image-2024-02-19-at-17.44.59-1024x733.jpeg 1024w, https:\/\/noticiasregionais.com.br\/wp-content\/uploads\/2024\/02\/WhatsApp-Image-2024-02-19-at-17.44.59-300x215.jpeg 300w, https:\/\/noticiasregionais.com.br\/wp-content\/uploads\/2024\/02\/WhatsApp-Image-2024-02-19-at-17.44.59-768x550.jpeg 768w, https:\/\/noticiasregionais.com.br\/wp-content\/uploads\/2024\/02\/WhatsApp-Image-2024-02-19-at-17.44.59-1536x1099.jpeg 1536w, https:\/\/noticiasregionais.com.br\/wp-content\/uploads\/2024\/02\/WhatsApp-Image-2024-02-19-at-17.44.59.jpeg 1600w\" sizes=\"(max-width: 1024px) 100vw, 1024px\" \/><\/a><\/figure>\n\n\n\n<figure class=\"wp-block-image size-large\"><a href=\"https:\/\/noticiasregionais.com.br\/wp-content\/uploads\/2024\/02\/WhatsApp-Image-2024-02-19-at-17.45.00.jpeg\"><img decoding=\"async\" width=\"887\" height=\"1024\" data-id=\"2084\" src=\"https:\/\/noticiasregionais.com.br\/wp-content\/uploads\/2024\/02\/WhatsApp-Image-2024-02-19-at-17.45.00-887x1024.jpeg\" alt=\"\" class=\"wp-image-2084\" srcset=\"https:\/\/noticiasregionais.com.br\/wp-content\/uploads\/2024\/02\/WhatsApp-Image-2024-02-19-at-17.45.00-887x1024.jpeg 887w, https:\/\/noticiasregionais.com.br\/wp-content\/uploads\/2024\/02\/WhatsApp-Image-2024-02-19-at-17.45.00-260x300.jpeg 260w, https:\/\/noticiasregionais.com.br\/wp-content\/uploads\/2024\/02\/WhatsApp-Image-2024-02-19-at-17.45.00-768x887.jpeg 768w, https:\/\/noticiasregionais.com.br\/wp-content\/uploads\/2024\/02\/WhatsApp-Image-2024-02-19-at-17.45.00-1330x1536.jpeg 1330w, https:\/\/noticiasregionais.com.br\/wp-content\/uploads\/2024\/02\/WhatsApp-Image-2024-02-19-at-17.45.00.jpeg 1385w\" sizes=\"(max-width: 887px) 100vw, 887px\" \/><\/a><\/figure>\n\n\n\n<figure class=\"wp-block-image size-large\"><a href=\"https:\/\/noticiasregionais.com.br\/wp-content\/uploads\/2024\/02\/WhatsApp-Image-2024-02-19-at-17.44.59-1.jpeg\"><img decoding=\"async\" width=\"1024\" height=\"594\" data-id=\"2083\" src=\"https:\/\/noticiasregionais.com.br\/wp-content\/uploads\/2024\/02\/WhatsApp-Image-2024-02-19-at-17.44.59-1-1024x594.jpeg\" alt=\"\" class=\"wp-image-2083\" srcset=\"https:\/\/noticiasregionais.com.br\/wp-content\/uploads\/2024\/02\/WhatsApp-Image-2024-02-19-at-17.44.59-1-1024x594.jpeg 1024w, https:\/\/noticiasregionais.com.br\/wp-content\/uploads\/2024\/02\/WhatsApp-Image-2024-02-19-at-17.44.59-1-300x174.jpeg 300w, https:\/\/noticiasregionais.com.br\/wp-content\/uploads\/2024\/02\/WhatsApp-Image-2024-02-19-at-17.44.59-1-768x446.jpeg 768w, https:\/\/noticiasregionais.com.br\/wp-content\/uploads\/2024\/02\/WhatsApp-Image-2024-02-19-at-17.44.59-1-1536x891.jpeg 1536w, https:\/\/noticiasregionais.com.br\/wp-content\/uploads\/2024\/02\/WhatsApp-Image-2024-02-19-at-17.44.59-1.jpeg 1551w\" sizes=\"(max-width: 1024px) 100vw, 1024px\" \/><\/a><\/figure>\n\n\n\n<figure class=\"wp-block-image size-large\"><a href=\"https:\/\/noticiasregionais.com.br\/wp-content\/uploads\/2024\/02\/WhatsApp-Image-2024-02-19-at-17.45.51-1.jpeg\"><img decoding=\"async\" width=\"1024\" height=\"945\" data-id=\"2085\" src=\"https:\/\/noticiasregionais.com.br\/wp-content\/uploads\/2024\/02\/WhatsApp-Image-2024-02-19-at-17.45.51-1-1024x945.jpeg\" alt=\"\" class=\"wp-image-2085\" srcset=\"https:\/\/noticiasregionais.com.br\/wp-content\/uploads\/2024\/02\/WhatsApp-Image-2024-02-19-at-17.45.51-1-1024x945.jpeg 1024w, https:\/\/noticiasregionais.com.br\/wp-content\/uploads\/2024\/02\/WhatsApp-Image-2024-02-19-at-17.45.51-1-300x277.jpeg 300w, https:\/\/noticiasregionais.com.br\/wp-content\/uploads\/2024\/02\/WhatsApp-Image-2024-02-19-at-17.45.51-1-768x708.jpeg 768w, https:\/\/noticiasregionais.com.br\/wp-content\/uploads\/2024\/02\/WhatsApp-Image-2024-02-19-at-17.45.51-1-1536x1417.jpeg 1536w, https:\/\/noticiasregionais.com.br\/wp-content\/uploads\/2024\/02\/WhatsApp-Image-2024-02-19-at-17.45.51-1.jpeg 1600w\" sizes=\"(max-width: 1024px) 100vw, 1024px\" \/><\/a><\/figure>\n\n\n\n<figure class=\"wp-block-image size-large\"><a href=\"https:\/\/noticiasregionais.com.br\/wp-content\/uploads\/2024\/02\/WhatsApp-Image-2024-02-19-at-17.45.51.jpeg\"><img decoding=\"async\" width=\"1024\" height=\"827\" data-id=\"2088\" src=\"https:\/\/noticiasregionais.com.br\/wp-content\/uploads\/2024\/02\/WhatsApp-Image-2024-02-19-at-17.45.51-1024x827.jpeg\" alt=\"\" class=\"wp-image-2088\" srcset=\"https:\/\/noticiasregionais.com.br\/wp-content\/uploads\/2024\/02\/WhatsApp-Image-2024-02-19-at-17.45.51-1024x827.jpeg 1024w, https:\/\/noticiasregionais.com.br\/wp-content\/uploads\/2024\/02\/WhatsApp-Image-2024-02-19-at-17.45.51-300x242.jpeg 300w, https:\/\/noticiasregionais.com.br\/wp-content\/uploads\/2024\/02\/WhatsApp-Image-2024-02-19-at-17.45.51-768x620.jpeg 768w, https:\/\/noticiasregionais.com.br\/wp-content\/uploads\/2024\/02\/WhatsApp-Image-2024-02-19-at-17.45.51-1536x1240.jpeg 1536w, https:\/\/noticiasregionais.com.br\/wp-content\/uploads\/2024\/02\/WhatsApp-Image-2024-02-19-at-17.45.51.jpeg 1600w\" sizes=\"(max-width: 1024px) 100vw, 1024px\" \/><\/a><\/figure>\n<\/figure>\n<input type=\"hidden\" id=\"baseurl\" value=\"https:\/\/noticiasregionais.com.br\"><input type=\"hidden\" id=\"audio_nonce\" value=\"533fbb67b1\">","protected":false},"excerpt":{"rendered":"<p>Na manh\u00e3 desta segunda-feira (19), duas opera\u00e7\u00f5es conjuntas entre o K9 do 13\u00ba Batalh\u00e3o de A\u00e7\u00f5es Especiais de Pol\u00edcia (BAEP),&hellip;<\/p>\n","protected":false},"author":1,"featured_media":2087,"comment_status":"closed","ping_status":"open","sticky":false,"template":"","format":"standard","meta":{"sfsi_plus_gutenberg_text_before_share":"","sfsi_plus_gutenberg_show_text_before_share":"","sfsi_plus_gutenberg_icon_type":"","sfsi_plus_gutenberg_icon_alignemt":"","sfsi_plus_gutenburg_max_per_row":"","footnotes":""},"categories":[5,12,1],"tags":[],"class_list":["post-2082","post","type-post","status-publish","format-standard","has-post-thumbnail","hentry","category-ourinhos","category-capa","category-noticias"],"_links":{"self":[{"href":"https:\/\/noticiasregionais.com.br\/index.php?rest_route=\/wp\/v2\/posts\/2082","targetHints":{"allow":["GET"]}}],"collection":[{"href":"https:\/\/noticiasregionais.com.br\/index.php?rest_route=\/wp\/v2\/posts"}],"about":[{"href":"https:\/\/noticiasregionais.com.br\/index.php?rest_route=\/wp\/v2\/types\/post"}],"author":[{"embeddable":true,"href":"https:\/\/noticiasregionais.com.br\/index.php?rest_route=\/wp\/v2\/users\/1"}],"replies":[{"embeddable":true,"href":"https:\/\/noticiasregionais.com.br\/index.php?rest_route=%2Fwp%2Fv2%2Fcomments&post=2082"}],"version-history":[{"count":1,"href":"https:\/\/noticiasregionais.com.br\/index.php?rest_route=\/wp\/v2\/posts\/2082\/revisions"}],"predecessor-version":[{"id":2089,"href":"https:\/\/noticiasregionais.com.br\/index.php?rest_route=\/wp\/v2\/posts\/2082\/revisions\/2089"}],"wp:featuredmedia":[{"embeddable":true,"href":"https:\/\/noticiasregionais.com.br\/index.php?rest_route=\/wp\/v2\/media\/2087"}],"wp:attachment":[{"href":"https:\/\/noticiasregionais.com.br\/index.php?rest_route=%2Fwp%2Fv2%2Fmedia&parent=2082"}],"wp:term":[{"taxonomy":"category","embeddable":true,"href":"https:\/\/noticiasregionais.com.br\/index.php?rest_route=%2Fwp%2Fv2%2Fcategories&post=2082"},{"taxonomy":"post_tag","embeddable":true,"href":"https:\/\/noticiasregionais.com.br\/index.php?rest_route=%2Fwp%2Fv2%2Ftags&post=2082"}],"curies":[{"name":"wp","href":"https:\/\/api.w.org\/{rel}","templated":true}]}}